{"id":24166,"date":"2024-09-16T21:20:04","date_gmt":"2024-09-17T03:20:04","guid":{"rendered":"https:\/\/enconecte.com\/?p=24166"},"modified":"2024-09-19T21:21:02","modified_gmt":"2024-09-20T03:21:02","slug":"con-izamiento-de-banderas-en-jerez-celebran-el-16-de-septiembre","status":"publish","type":"post","link":"https:\/\/enconecte.com\/?p=24166","title":{"rendered":"CON IZAMIENTO DE BANDERAS EN JEREZ, CELEBRAN EL 16 DE SEPTIEMBRE"},"content":{"rendered":"<p>Dentro de las ceremonias c\u00edvicas para conmemorar el 16 de septiembre en Jerez, se realizaron los izamientos de banderas en puntos distintivos del municipio como la calzada Suave Patria y la Plaza Tacuba, encabezados por el Ayuntamiento 2024-2027 que preside el alcalde Rodrigo Ure\u00f1o Ba\u00f1uelos.<\/p>\n<p>La Direcci\u00f3n de Seguridad P\u00fablica Municipal (DSPM), regidores, funcionarios de diversas \u00e1reas del gobierno municipal, autoridades educativas, y ciudadanos, tambi\u00e9n estuvieron presentes para llevar a cabo los tradicionales protocolos correspondientes al hist\u00f3rico acontecimiento del pa\u00eds, como el alza de banderas, rendimiento de honores y c\u00e1nticos del himno nacional y Marcha Zacatecas, los cuales simbolizan la libertad heredada que debe ser preservada para las futuras\u00a0generaciones.<\/p>\n<p><a  href=\"https:\/\/enconecte.com\/wp-content\/uploads\/2024\/09\/Imagen-de-WhatsApp-2024-09-16-a-las-08.36.40_b693d533.jpg\" data-rel=\"lightbox-gallery-0\" data-rl_title=\"\" data-rl_caption=\"\" title=\"\"><img loading=\"lazy\" decoding=\"async\" class=\"alignnone size-full wp-image-24167\" src=\"https:\/\/enconecte.com\/wp-content\/uploads\/2024\/09\/Imagen-de-WhatsApp-2024-09-16-a-las-08.36.40_b693d533.jpg\" alt=\"\" width=\"1600\" height=\"1066\" srcset=\"https:\/\/enconecte.com\/wp-content\/uploads\/2024\/09\/Imagen-de-WhatsApp-2024-09-16-a-las-08.36.40_b693d533.jpg 1600w, https:\/\/enconecte.com\/wp-content\/uploads\/2024\/09\/Imagen-de-WhatsApp-2024-09-16-a-las-08.36.40_b693d533-300x200.jpg 300w, https:\/\/enconecte.com\/wp-content\/uploads\/2024\/09\/Imagen-de-WhatsApp-2024-09-16-a-las-08.36.40_b693d533-1024x682.jpg 1024w, https:\/\/enconecte.com\/wp-content\/uploads\/2024\/09\/Imagen-de-WhatsApp-2024-09-16-a-las-08.36.40_b693d533-768x512.jpg 768w, https:\/\/enconecte.com\/wp-content\/uploads\/2024\/09\/Imagen-de-WhatsApp-2024-09-16-a-las-08.36.40_b693d533-1536x1023.jpg 1536w\" sizes=\"auto, (max-width: 1600px) 100vw, 1600px\" \/><\/a><\/p>\n","protected":false},"excerpt":{"rendered":"<p>Dentro de las ceremonias c\u00edvicas para conmemorar el 16 de septiembre en Jerez, se realizaron los izamientos de banderas en puntos distintivos del municipio como la calzada Suave Patria y la Plaza Tacuba, encabezados por el Ayuntamiento 2024-2027 que preside el alcalde Rodrigo Ure\u00f1o Ba\u00f1uelos. La Direcci\u00f3n de Seguridad P\u00fablica Municipal (DSPM), regidores, funcionarios de [&hellip;]<\/p>\n","protected":false},"author":9,"featured_media":24168,"comment_status":"closed","ping_status":"closed","sticky":false,"template":"","format":"standard","meta":{"footnotes":""},"categories":[1370],"tags":[],"class_list":["post-24166","post","type-post","status-publish","format-standard","has-post-thumbnail","hentry","category-jerez"],"_links":{"self":[{"href":"https:\/\/enconecte.com\/index.php?rest_route=\/wp\/v2\/posts\/24166","targetHints":{"allow":["GET"]}}],"collection":[{"href":"https:\/\/enconecte.com\/index.php?rest_route=\/wp\/v2\/posts"}],"about":[{"href":"https:\/\/enconecte.com\/index.php?rest_route=\/wp\/v2\/types\/post"}],"author":[{"embeddable":true,"href":"https:\/\/enconecte.com\/index.php?rest_route=\/wp\/v2\/users\/9"}],"replies":[{"embeddable":true,"href":"https:\/\/enconecte.com\/index.php?rest_route=%2Fwp%2Fv2%2Fcomments&post=24166"}],"version-history":[{"count":0,"href":"https:\/\/enconecte.com\/index.php?rest_route=\/wp\/v2\/posts\/24166\/revisions"}],"wp:featuredmedia":[{"embeddable":true,"href":"https:\/\/enconecte.com\/index.php?rest_route=\/wp\/v2\/media\/24168"}],"wp:attachment":[{"href":"https:\/\/enconecte.com\/index.php?rest_route=%2Fwp%2Fv2%2Fmedia&parent=24166"}],"wp:term":[{"taxonomy":"category","embeddable":true,"href":"https:\/\/enconecte.com\/index.php?rest_route=%2Fwp%2Fv2%2Fcategories&post=24166"},{"taxonomy":"post_tag","embeddable":true,"href":"https:\/\/enconecte.com\/index.php?rest_route=%2Fwp%2Fv2%2Ftags&post=24166"}],"curies":[{"name":"wp","href":"https:\/\/api.w.org\/{rel}","templated":true}]}}