{"id":24162,"date":"2024-09-16T21:18:41","date_gmt":"2024-09-17T03:18:41","guid":{"rendered":"https:\/\/enconecte.com\/?p=24162"},"modified":"2024-09-19T21:19:32","modified_gmt":"2024-09-20T03:19:32","slug":"jerez-acompanan-a-rodrigo-ureno-en-su-primer-grito-de-independencia","status":"publish","type":"post","link":"https:\/\/enconecte.com\/?p=24162","title":{"rendered":"JEREZ ACOMPA\u00d1AN A RODRIGO URE\u00d1O EN SU PRIMER GRITO DE INDEPENDENCIA"},"content":{"rendered":"<p>Tras recibir de la escolta el L\u00e1baro Patrio, el Presidente Municipal, Rodrigo Ure\u00f1o, dio su primer Grito de Independencia como alcalde de Jerez, acompa\u00f1ado de su esposa e hijos, el Capit\u00e1n Primero de Infanter\u00eda \u00c1ngel Gines Luis, las y los ediles, as\u00ed como de cientos de jerezanos que se congregaron en la Plaza Principal para celebrar la m\u00e1s emblem\u00e1tica de las fiestas nacionales.<\/p>\n<p>En punto de las 23:10 horas, ondeando la bandera tricolor, el alcalde proclam\u00f3 con fervor patri\u00f3tico los nombres de h\u00e9roes que nos dieron una naci\u00f3n libre y soberana, conmemorando el 214 aniversario del inicio de la lucha por la independencia de M\u00e9xico. El eco de los vivas retumb\u00f3 en las calles del Pueblo M\u00e1gico.<\/p>\n<p>Al concluir el acto protocolario, los asistentes disfrutaron de una verbena popular, donde la m\u00fasica, los antojitos mexicanos y el ambiente festivo crearon una atm\u00f3sfera de unidad y celebraci\u00f3n. La noche cerr\u00f3 de manera espectacular con un show de pirotecnia que ilumin\u00f3 el\u00a0cielo\u00a0jerezano<\/p>\n<div id='gallery-1' class='gallery galleryid-24162 gallery-columns-3 gallery-size-thumbnail'><figure class='gallery-item'>\n\t\t\t<div class='gallery-icon landscape'>\n\t\t\t\t<a href='https:\/\/enconecte.com\/wp-content\/uploads\/2024\/09\/Imagen-de-WhatsApp-2024-09-16-a-las-00.08.17_d3345d87.jpg' title=\"\" data-rl_title=\"\" class=\"rl-gallery-link\" data-rl_caption=\"\" data-rel=\"lightbox-gallery-1\"><img loading=\"lazy\" decoding=\"async\" width=\"150\" height=\"150\" src=\"https:\/\/enconecte.com\/wp-content\/uploads\/2024\/09\/Imagen-de-WhatsApp-2024-09-16-a-las-00.08.17_d3345d87-150x150.jpg\" class=\"attachment-thumbnail size-thumbnail\" alt=\"\" \/><\/a>\n\t\t\t<\/div><\/figure><figure class='gallery-item'>\n\t\t\t<div class='gallery-icon portrait'>\n\t\t\t\t<a href='https:\/\/enconecte.com\/wp-content\/uploads\/2024\/09\/Imagen-de-WhatsApp-2024-09-16-a-las-00.10.37_f237aaf9.jpg' title=\"\" data-rl_title=\"\" class=\"rl-gallery-link\" data-rl_caption=\"\" data-rel=\"lightbox-gallery-1\"><img loading=\"lazy\" decoding=\"async\" width=\"150\" height=\"150\" src=\"https:\/\/enconecte.com\/wp-content\/uploads\/2024\/09\/Imagen-de-WhatsApp-2024-09-16-a-las-00.10.37_f237aaf9-150x150.jpg\" class=\"attachment-thumbnail size-thumbnail\" alt=\"\" \/><\/a>\n\t\t\t<\/div><\/figure><figure class='gallery-item'>\n\t\t\t<div class='gallery-icon landscape'>\n\t\t\t\t<a href='https:\/\/enconecte.com\/wp-content\/uploads\/2024\/09\/Imagen-de-WhatsApp-2024-09-16-a-las-00.12.18_44c74fe8.jpg' title=\"\" data-rl_title=\"\" class=\"rl-gallery-link\" data-rl_caption=\"\" data-rel=\"lightbox-gallery-1\"><img loading=\"lazy\" decoding=\"async\" width=\"150\" height=\"150\" src=\"https:\/\/enconecte.com\/wp-content\/uploads\/2024\/09\/Imagen-de-WhatsApp-2024-09-16-a-las-00.12.18_44c74fe8-150x150.jpg\" class=\"attachment-thumbnail size-thumbnail\" alt=\"\" \/><\/a>\n\t\t\t<\/div><\/figure>\n\t\t<\/div>\n\n","protected":false},"excerpt":{"rendered":"<p>Tras recibir de la escolta el L\u00e1baro Patrio, el Presidente Municipal, Rodrigo Ure\u00f1o, dio su primer Grito de Independencia como alcalde de Jerez, acompa\u00f1ado de su esposa e hijos, el Capit\u00e1n Primero de Infanter\u00eda \u00c1ngel Gines Luis, las y los ediles, as\u00ed como de cientos de jerezanos que se congregaron en la Plaza Principal para [&hellip;]<\/p>\n","protected":false},"author":9,"featured_media":24164,"comment_status":"closed","ping_status":"closed","sticky":false,"template":"","format":"standard","meta":{"footnotes":""},"categories":[1370],"tags":[],"class_list":["post-24162","post","type-post","status-publish","format-standard","has-post-thumbnail","hentry","category-jerez"],"_links":{"self":[{"href":"https:\/\/enconecte.com\/index.php?rest_route=\/wp\/v2\/posts\/24162","targetHints":{"allow":["GET"]}}],"collection":[{"href":"https:\/\/enconecte.com\/index.php?rest_route=\/wp\/v2\/posts"}],"about":[{"href":"https:\/\/enconecte.com\/index.php?rest_route=\/wp\/v2\/types\/post"}],"author":[{"embeddable":true,"href":"https:\/\/enconecte.com\/index.php?rest_route=\/wp\/v2\/users\/9"}],"replies":[{"embeddable":true,"href":"https:\/\/enconecte.com\/index.php?rest_route=%2Fwp%2Fv2%2Fcomments&post=24162"}],"version-history":[{"count":0,"href":"https:\/\/enconecte.com\/index.php?rest_route=\/wp\/v2\/posts\/24162\/revisions"}],"wp:featuredmedia":[{"embeddable":true,"href":"https:\/\/enconecte.com\/index.php?rest_route=\/wp\/v2\/media\/24164"}],"wp:attachment":[{"href":"https:\/\/enconecte.com\/index.php?rest_route=%2Fwp%2Fv2%2Fmedia&parent=24162"}],"wp:term":[{"taxonomy":"category","embeddable":true,"href":"https:\/\/enconecte.com\/index.php?rest_route=%2Fwp%2Fv2%2Fcategories&post=24162"},{"taxonomy":"post_tag","embeddable":true,"href":"https:\/\/enconecte.com\/index.php?rest_route=%2Fwp%2Fv2%2Ftags&post=24162"}],"curies":[{"name":"wp","href":"https:\/\/api.w.org\/{rel}","templated":true}]}}