{"id":24158,"date":"2024-09-15T21:17:31","date_gmt":"2024-09-16T03:17:31","guid":{"rendered":"https:\/\/enconecte.com\/?p=24158"},"modified":"2024-09-19T21:18:24","modified_gmt":"2024-09-20T03:18:24","slug":"sere-un-presidente-del-pueblo-y-para-el-pueblo-rodrigo-ureno","status":"publish","type":"post","link":"https:\/\/enconecte.com\/?p=24158","title":{"rendered":"SER\u00c9 UN PRESIDENTE DEL PUEBLO Y PARA EL PUEBLO: RODRIGO URE\u00d1O"},"content":{"rendered":"<ul>\n<li>Daremos lo mejor para regresar que Jerez vuelva a ser m\u00e1gico: RUB<\/li>\n<\/ul>\n<p>En Sesi\u00f3n Solemne de Cabildo, Rodrigo Ure\u00f1o Ba\u00f1uelos rindi\u00f3 protesta como Presidente Municipal de Jerez para el periodo 2024-2027. En un acto in\u00e9dito, por primera vez la toma de protesta se realiz\u00f3 a puertas abiertas, llev\u00e1ndose a cabo en la v\u00eda p\u00fablica. Durante su mensaje, Rodrigo Ure\u00f1o coment\u00f3 que ser\u00e1 un presidente del pueblo y para el pueblo jerezano.<\/p>\n<p>\u201cAhora vamos a dar lo mejor para que Jerez vuelva a ser m\u00e1gico\u2026 gobernaremos para todas y todos. Les demostrar\u00e9 que quiero hacer las cosas bien y vamos a cumplir\u201d, dijo.<\/p>\n<p>Asimismo, agradeci\u00f3 a su familia y al pueblo de Jerez por la confianza depositada en \u00e9l, y puntualiz\u00f3 que trabajar\u00e1 para mejorar el municipio, dejando de lado los colores pol\u00edticos, porque la ciudadan\u00eda merece m\u00e1s.<\/p>\n<p>Convoc\u00f3 al Gobernador David Monreal, as\u00ed como a los Legisladores Federales y Locales, a trabajar en unidad por el bienestar de Jerez. \u201cHagamos un frente com\u00fan por el bien de nuestro pueblo m\u00e1gico\u201d, subray\u00f3.<\/p>\n<p>En representaci\u00f3n del Gobernador del Estado de Zacatecas, David Monreal \u00c1vila, el Director de Ciencia, Tecnolog\u00eda e Innovaci\u00f3n, Hamurabi Gamboa Rosales, asegur\u00f3 que a partir de hoy Jerez jugar\u00e1 un papel fundamental al trabajar de manera unida y coordinada con el gobierno estatal. Adem\u00e1s, hizo un llamado a la comuni\u00f3n social por el bienestar\u00a0del\u00a0municipio.<\/p>\n<div id='gallery-1' class='gallery galleryid-24158 gallery-columns-3 gallery-size-thumbnail'><figure class='gallery-item'>\n\t\t\t<div class='gallery-icon landscape'>\n\t\t\t\t<a href='https:\/\/enconecte.com\/wp-content\/uploads\/2024\/09\/Imagen-de-WhatsApp-2024-09-15-a-las-21.00.25_b704881e.jpg' title=\"\" data-rl_title=\"\" class=\"rl-gallery-link\" data-rl_caption=\"\" data-rel=\"lightbox-gallery-1\"><img loading=\"lazy\" decoding=\"async\" width=\"150\" height=\"150\" src=\"https:\/\/enconecte.com\/wp-content\/uploads\/2024\/09\/Imagen-de-WhatsApp-2024-09-15-a-las-21.00.25_b704881e-150x150.jpg\" class=\"attachment-thumbnail size-thumbnail\" alt=\"\" \/><\/a>\n\t\t\t<\/div><\/figure><figure class='gallery-item'>\n\t\t\t<div class='gallery-icon landscape'>\n\t\t\t\t<a href='https:\/\/enconecte.com\/wp-content\/uploads\/2024\/09\/Imagen-de-WhatsApp-2024-09-15-a-las-21.00.36_951301ea.jpg' title=\"\" data-rl_title=\"\" class=\"rl-gallery-link\" data-rl_caption=\"\" data-rel=\"lightbox-gallery-1\"><img loading=\"lazy\" decoding=\"async\" width=\"150\" height=\"150\" src=\"https:\/\/enconecte.com\/wp-content\/uploads\/2024\/09\/Imagen-de-WhatsApp-2024-09-15-a-las-21.00.36_951301ea-150x150.jpg\" class=\"attachment-thumbnail size-thumbnail\" alt=\"\" \/><\/a>\n\t\t\t<\/div><\/figure><figure class='gallery-item'>\n\t\t\t<div class='gallery-icon landscape'>\n\t\t\t\t<a href='https:\/\/enconecte.com\/wp-content\/uploads\/2024\/09\/Imagen-de-WhatsApp-2024-09-15-a-las-21.00.31_ee370cfb.jpg' title=\"\" data-rl_title=\"\" class=\"rl-gallery-link\" data-rl_caption=\"\" data-rel=\"lightbox-gallery-1\"><img loading=\"lazy\" decoding=\"async\" width=\"150\" height=\"150\" src=\"https:\/\/enconecte.com\/wp-content\/uploads\/2024\/09\/Imagen-de-WhatsApp-2024-09-15-a-las-21.00.31_ee370cfb-150x150.jpg\" class=\"attachment-thumbnail size-thumbnail\" alt=\"\" \/><\/a>\n\t\t\t<\/div><\/figure>\n\t\t<\/div>\n\n","protected":false},"excerpt":{"rendered":"<p>Daremos lo mejor para regresar que Jerez vuelva a ser m\u00e1gico: RUB En Sesi\u00f3n Solemne de Cabildo, Rodrigo Ure\u00f1o Ba\u00f1uelos rindi\u00f3 protesta como Presidente Municipal de Jerez para el periodo 2024-2027. En un acto in\u00e9dito, por primera vez la toma de protesta se realiz\u00f3 a puertas abiertas, llev\u00e1ndose a cabo en la v\u00eda p\u00fablica. Durante [&hellip;]<\/p>\n","protected":false},"author":9,"featured_media":24160,"comment_status":"closed","ping_status":"closed","sticky":false,"template":"","format":"standard","meta":{"footnotes":""},"categories":[1370],"tags":[],"class_list":["post-24158","post","type-post","status-publish","format-standard","has-post-thumbnail","hentry","category-jerez"],"_links":{"self":[{"href":"https:\/\/enconecte.com\/index.php?rest_route=\/wp\/v2\/posts\/24158","targetHints":{"allow":["GET"]}}],"collection":[{"href":"https:\/\/enconecte.com\/index.php?rest_route=\/wp\/v2\/posts"}],"about":[{"href":"https:\/\/enconecte.com\/index.php?rest_route=\/wp\/v2\/types\/post"}],"author":[{"embeddable":true,"href":"https:\/\/enconecte.com\/index.php?rest_route=\/wp\/v2\/users\/9"}],"replies":[{"embeddable":true,"href":"https:\/\/enconecte.com\/index.php?rest_route=%2Fwp%2Fv2%2Fcomments&post=24158"}],"version-history":[{"count":0,"href":"https:\/\/enconecte.com\/index.php?rest_route=\/wp\/v2\/posts\/24158\/revisions"}],"wp:featuredmedia":[{"embeddable":true,"href":"https:\/\/enconecte.com\/index.php?rest_route=\/wp\/v2\/media\/24160"}],"wp:attachment":[{"href":"https:\/\/enconecte.com\/index.php?rest_route=%2Fwp%2Fv2%2Fmedia&parent=24158"}],"wp:term":[{"taxonomy":"category","embeddable":true,"href":"https:\/\/enconecte.com\/index.php?rest_route=%2Fwp%2Fv2%2Fcategories&post=24158"},{"taxonomy":"post_tag","embeddable":true,"href":"https:\/\/enconecte.com\/index.php?rest_route=%2Fwp%2Fv2%2Ftags&post=24158"}],"curies":[{"name":"wp","href":"https:\/\/api.w.org\/{rel}","templated":true}]}}