{"id":24132,"date":"2024-08-02T17:43:25","date_gmt":"2024-08-02T23:43:25","guid":{"rendered":"https:\/\/enconecte.com\/?p=24132"},"modified":"2024-08-03T17:44:44","modified_gmt":"2024-08-03T23:44:44","slug":"reconocen-a-futbolistas-de-antano-y-quedan-en-el-muro-historico-del-municipio","status":"publish","type":"post","link":"https:\/\/enconecte.com\/?p=24132","title":{"rendered":"RECONOCEN A FUTBOLISTAS DE ANTA\u00d1O Y QUEDAN EN EL MURO HIST\u00d3RICO DEL MUNICIPIO"},"content":{"rendered":"<p>Nuevos integrantes del muro de la \u00e9poca de oro del f\u00fatbol jerezano, considerados pilares en este deporte, recibieron la placa respectiva, cuya r\u00e9plica se colocar\u00e1 en la Sala de Juntas del estadio Ram\u00f3n L\u00f3pez Velarde y adem\u00e1s, se entregaron reconocimientos a algunos que con antelaci\u00f3n hab\u00edan sido incluidos.<\/p>\n<p>A iniciativa de Domingo Garc\u00eda conocido en el medio como \u201cLa Dominga\u201d se realiza este tipo de homenajes a quienes han enaltecido el balompi\u00e9 local, ya sea como jugadores, patrocinadores o dirigentes.<\/p>\n<p>En representaci\u00f3n del Alcalde Jos\u00e9 Humberto Salazar Contreras, Armando Qui\u00f1ones Ortiz, Coordinador Municipal del Deporte, reconoci\u00f3 la buena idea que tuvo Domingo Garc\u00eda, para dejar el reconocimiento permanente a aquellos que de una u otra manera, se han involucrado, para que este deporte hermoso siga creciendo y afirm\u00f3 que, al ingresar a este inmueble, se aprecia mucha historia en los muros, por lo que expres\u00f3 el deseo de que esta acci\u00f3n, tenga continuidad en el futuro.<\/p>\n<p>Los homenajeados en esta ocasi\u00f3n son Pedro D\u00edaz \u201cEl Cartero\u201d, Ricardo \u00c1valos M\u00e1rquez, Ra\u00fal P\u00e9rez, Manuel Guerrero \u201cEl G\u00fcero\u201d, Eduardo \u201cLalo\u201d Esparza, David Ju\u00e1rez \u00c1vila, Francisco D\u00edaz, Gregorio G\u00f3mez &#8220;Pilo&#8221; y Jaime Caldera, adem\u00e1s se entregaron reconocimientos a Gerardo de la Cruz, Ra\u00fal Acu\u00f1a, Javier P\u00e9rez, Antonio de la Cruz, Ramiro P\u00e9rez y Alberto\u00a0Villalpando.<\/p>\n<p><a  href=\"https:\/\/enconecte.com\/wp-content\/uploads\/2024\/08\/Imagen-de-WhatsApp-2024-08-02-a-las-11.54.24_1670c45a.jpg\" data-rel=\"lightbox-gallery-0\" data-rl_title=\"\" data-rl_caption=\"\" title=\"\"><img loading=\"lazy\" decoding=\"async\" class=\"alignnone wp-image-24134 size-large\" src=\"https:\/\/enconecte.com\/wp-content\/uploads\/2024\/08\/Imagen-de-WhatsApp-2024-08-02-a-las-11.54.24_1670c45a-1024x701.jpg\" alt=\"\" width=\"640\" height=\"438\" srcset=\"https:\/\/enconecte.com\/wp-content\/uploads\/2024\/08\/Imagen-de-WhatsApp-2024-08-02-a-las-11.54.24_1670c45a-1024x701.jpg 1024w, https:\/\/enconecte.com\/wp-content\/uploads\/2024\/08\/Imagen-de-WhatsApp-2024-08-02-a-las-11.54.24_1670c45a-300x206.jpg 300w, https:\/\/enconecte.com\/wp-content\/uploads\/2024\/08\/Imagen-de-WhatsApp-2024-08-02-a-las-11.54.24_1670c45a-768x526.jpg 768w, https:\/\/enconecte.com\/wp-content\/uploads\/2024\/08\/Imagen-de-WhatsApp-2024-08-02-a-las-11.54.24_1670c45a-1536x1052.jpg 1536w, https:\/\/enconecte.com\/wp-content\/uploads\/2024\/08\/Imagen-de-WhatsApp-2024-08-02-a-las-11.54.24_1670c45a.jpg 1600w\" sizes=\"auto, (max-width: 640px) 100vw, 640px\" \/><\/a><\/p>\n","protected":false},"excerpt":{"rendered":"<p>Nuevos integrantes del muro de la \u00e9poca de oro del f\u00fatbol jerezano, considerados pilares en este deporte, recibieron la placa respectiva, cuya r\u00e9plica se colocar\u00e1 en la Sala de Juntas del estadio Ram\u00f3n L\u00f3pez Velarde y adem\u00e1s, se entregaron reconocimientos a algunos que con antelaci\u00f3n hab\u00edan sido incluidos. A iniciativa de Domingo Garc\u00eda conocido en [&hellip;]<\/p>\n","protected":false},"author":9,"featured_media":24133,"comment_status":"closed","ping_status":"closed","sticky":false,"template":"","format":"standard","meta":{"footnotes":""},"categories":[1370],"tags":[],"class_list":["post-24132","post","type-post","status-publish","format-standard","has-post-thumbnail","hentry","category-jerez"],"_links":{"self":[{"href":"https:\/\/enconecte.com\/index.php?rest_route=\/wp\/v2\/posts\/24132","targetHints":{"allow":["GET"]}}],"collection":[{"href":"https:\/\/enconecte.com\/index.php?rest_route=\/wp\/v2\/posts"}],"about":[{"href":"https:\/\/enconecte.com\/index.php?rest_route=\/wp\/v2\/types\/post"}],"author":[{"embeddable":true,"href":"https:\/\/enconecte.com\/index.php?rest_route=\/wp\/v2\/users\/9"}],"replies":[{"embeddable":true,"href":"https:\/\/enconecte.com\/index.php?rest_route=%2Fwp%2Fv2%2Fcomments&post=24132"}],"version-history":[{"count":0,"href":"https:\/\/enconecte.com\/index.php?rest_route=\/wp\/v2\/posts\/24132\/revisions"}],"wp:featuredmedia":[{"embeddable":true,"href":"https:\/\/enconecte.com\/index.php?rest_route=\/wp\/v2\/media\/24133"}],"wp:attachment":[{"href":"https:\/\/enconecte.com\/index.php?rest_route=%2Fwp%2Fv2%2Fmedia&parent=24132"}],"wp:term":[{"taxonomy":"category","embeddable":true,"href":"https:\/\/enconecte.com\/index.php?rest_route=%2Fwp%2Fv2%2Fcategories&post=24132"},{"taxonomy":"post_tag","embeddable":true,"href":"https:\/\/enconecte.com\/index.php?rest_route=%2Fwp%2Fv2%2Ftags&post=24132"}],"curies":[{"name":"wp","href":"https:\/\/api.w.org\/{rel}","templated":true}]}}