{"id":24121,"date":"2024-07-30T14:33:03","date_gmt":"2024-07-30T20:33:03","guid":{"rendered":"https:\/\/enconecte.com\/?p=24121"},"modified":"2024-08-01T14:33:46","modified_gmt":"2024-08-01T20:33:46","slug":"presenta-humberto-salazar-programa-para-el-festival-de-la-tostada-2024","status":"publish","type":"post","link":"https:\/\/enconecte.com\/?p=24121","title":{"rendered":"PRESENTA HUMBERTO SALAZAR PROGRAMA PARA EL FESTIVAL DE LA TOSTADA 2024"},"content":{"rendered":"<p>Todo est\u00e1 listo para que este fin de semana se c\u00e9lebre en Jerez, el tradicional Festival de la Tostada, en su d\u00e9cimo segunda edici\u00f3n, evento organizado por el Gobierno Municipal, a trav\u00e9s de la Direcci\u00f3n de Turismo.<\/p>\n<p>En conferencia de prensa, el Presidente Municipal Jos\u00e9 Humberto Salazar Contreras, present\u00f3 el programa general y extendi\u00f3 la invitaci\u00f3n a todos los municipios y la capital de Estado, a entidades vecinas y de todo el pa\u00eds, as\u00ed como a los paisanos que se encuentran en su tierra.<\/p>\n<p>El s\u00e1bado a partir de las 11 horas, como pre\u00e1mbulo, se realizar\u00e1 la ruta 4&#215;4 y el domingo arranca formalmente el festival, con el acto inaugural al mediod\u00eda, en la Plaza Principal; habr\u00e1 degustaci\u00f3n, concurso de comelones, carrera de triciclos y la premiaci\u00f3n del concurso en el que se calificar\u00e1 innovaci\u00f3n y mejor salsa. El cierre del evento estar\u00e1 a cargo de El Nono y su Banda.<\/p>\n<p>Francisco Serrano Miranda, Director de Turismo, se\u00f1al\u00f3 que este, es uno de los eventos que m\u00e1s se ha posicionado en los a\u00f1os recientes y asegur\u00f3 que es una actividad que atrae una gran cantidad de visitantes, especialmente de municipios vecinos, gracias al producto de tradici\u00f3n, que es la tostada\u00a0jerezana.<\/p>\n<p><a  href=\"https:\/\/enconecte.com\/wp-content\/uploads\/2024\/08\/Imagen-de-WhatsApp-2024-07-31-a-las-14.55.25_827433c0.jpg\" data-rel=\"lightbox-gallery-0\" data-rl_title=\"\" data-rl_caption=\"\" title=\"\"><img loading=\"lazy\" decoding=\"async\" class=\"alignnone size-full wp-image-24123\" src=\"https:\/\/enconecte.com\/wp-content\/uploads\/2024\/08\/Imagen-de-WhatsApp-2024-07-31-a-las-14.55.25_827433c0.jpg\" alt=\"\" width=\"1599\" height=\"1066\" srcset=\"https:\/\/enconecte.com\/wp-content\/uploads\/2024\/08\/Imagen-de-WhatsApp-2024-07-31-a-las-14.55.25_827433c0.jpg 1599w, https:\/\/enconecte.com\/wp-content\/uploads\/2024\/08\/Imagen-de-WhatsApp-2024-07-31-a-las-14.55.25_827433c0-300x200.jpg 300w, https:\/\/enconecte.com\/wp-content\/uploads\/2024\/08\/Imagen-de-WhatsApp-2024-07-31-a-las-14.55.25_827433c0-1024x683.jpg 1024w, https:\/\/enconecte.com\/wp-content\/uploads\/2024\/08\/Imagen-de-WhatsApp-2024-07-31-a-las-14.55.25_827433c0-768x512.jpg 768w, https:\/\/enconecte.com\/wp-content\/uploads\/2024\/08\/Imagen-de-WhatsApp-2024-07-31-a-las-14.55.25_827433c0-1536x1024.jpg 1536w\" sizes=\"auto, (max-width: 1599px) 100vw, 1599px\" \/><\/a><\/p>\n","protected":false},"excerpt":{"rendered":"<p>Todo est\u00e1 listo para que este fin de semana se c\u00e9lebre en Jerez, el tradicional Festival de la Tostada, en su d\u00e9cimo segunda edici\u00f3n, evento organizado por el Gobierno Municipal, a trav\u00e9s de la Direcci\u00f3n de Turismo. En conferencia de prensa, el Presidente Municipal Jos\u00e9 Humberto Salazar Contreras, present\u00f3 el programa general y extendi\u00f3 la [&hellip;]<\/p>\n","protected":false},"author":9,"featured_media":24122,"comment_status":"closed","ping_status":"closed","sticky":false,"template":"","format":"standard","meta":{"footnotes":""},"categories":[1370],"tags":[],"class_list":["post-24121","post","type-post","status-publish","format-standard","has-post-thumbnail","hentry","category-jerez"],"_links":{"self":[{"href":"https:\/\/enconecte.com\/index.php?rest_route=\/wp\/v2\/posts\/24121","targetHints":{"allow":["GET"]}}],"collection":[{"href":"https:\/\/enconecte.com\/index.php?rest_route=\/wp\/v2\/posts"}],"about":[{"href":"https:\/\/enconecte.com\/index.php?rest_route=\/wp\/v2\/types\/post"}],"author":[{"embeddable":true,"href":"https:\/\/enconecte.com\/index.php?rest_route=\/wp\/v2\/users\/9"}],"replies":[{"embeddable":true,"href":"https:\/\/enconecte.com\/index.php?rest_route=%2Fwp%2Fv2%2Fcomments&post=24121"}],"version-history":[{"count":0,"href":"https:\/\/enconecte.com\/index.php?rest_route=\/wp\/v2\/posts\/24121\/revisions"}],"wp:featuredmedia":[{"embeddable":true,"href":"https:\/\/enconecte.com\/index.php?rest_route=\/wp\/v2\/media\/24122"}],"wp:attachment":[{"href":"https:\/\/enconecte.com\/index.php?rest_route=%2Fwp%2Fv2%2Fmedia&parent=24121"}],"wp:term":[{"taxonomy":"category","embeddable":true,"href":"https:\/\/enconecte.com\/index.php?rest_route=%2Fwp%2Fv2%2Fcategories&post=24121"},{"taxonomy":"post_tag","embeddable":true,"href":"https:\/\/enconecte.com\/index.php?rest_route=%2Fwp%2Fv2%2Ftags&post=24121"}],"curies":[{"name":"wp","href":"https:\/\/api.w.org\/{rel}","templated":true}]}}