{"id":24119,"date":"2024-07-30T14:32:23","date_gmt":"2024-07-30T20:32:23","guid":{"rendered":"https:\/\/enconecte.com\/?p=24119"},"modified":"2024-08-01T14:32:55","modified_gmt":"2024-08-01T20:32:55","slug":"realizara-la-oficina-de-registro-civil-campana-de-atencion-al-programa-soy-mexico-en-jerez","status":"publish","type":"post","link":"https:\/\/enconecte.com\/?p=24119","title":{"rendered":"REALIZAR\u00c1 LA OFICINA DE REGISTRO CIVIL CAMPA\u00d1A DE ATENCI\u00d3N AL PROGRAMA SOY M\u00c9XICO, EN JEREZ"},"content":{"rendered":"<p>El pr\u00f3ximo 6 de agosto y 3 de septiembre la oficial\u00eda de Registro Civil, con el apoyo de la Direcci\u00f3n Estatal, realizar\u00e1 una campa\u00f1a de expedici\u00f3n de actas y correcci\u00f3n de errores administrativos de manera gratuita, adem\u00e1s del tr\u00e1mite para la doble nacionalidad, dentro del Programa Soy M\u00e9xico, inform\u00f3 la titular del \u00e1rea Marina Miranda Sald\u00edvar.<\/p>\n<p>El programa Soy M\u00e9xico, brinda la posibilidad de que personas nacidas en el extranjero, que sean hijos de padre o madre mexicanos, obtengan el acta de este pa\u00eds, con la ventaja de no tener que presentar el acta extranjera apostillada, s\u00f3lo debe estar traducida; es requisito presentar el acta de los padres si los dos son de origen mexicano o la de cualquiera de ellos que s\u00ed lo sea. Si el interesado directo es mayor de edad, podr\u00e1 realizar la gesti\u00f3n personalmente, si se trata de un menor, la solicitud la realizar\u00e1n sus tutores, con su respectiva identificaci\u00f3n.<\/p>\n<p>Aparte de las campa\u00f1as del pr\u00f3ximo mes de agosto y septiembre, la ventanilla para recepci\u00f3n de solicitudes del programa Soy M\u00e9xico, o aclaraci\u00f3n de cualquier duda, se encuentra de forma permanente en las propias oficinas de Registro Civil, de lunes a viernes, en horario\u00a0de\u00a0servicio.<\/p>\n","protected":false},"excerpt":{"rendered":"<p>El pr\u00f3ximo 6 de agosto y 3 de septiembre la oficial\u00eda de Registro Civil, con el apoyo de la Direcci\u00f3n Estatal, realizar\u00e1 una campa\u00f1a de expedici\u00f3n de actas y correcci\u00f3n de errores administrativos de manera gratuita, adem\u00e1s del tr\u00e1mite para la doble nacionalidad, dentro del Programa Soy M\u00e9xico, inform\u00f3 la titular del \u00e1rea Marina Miranda [&hellip;]<\/p>\n","protected":false},"author":9,"featured_media":24120,"comment_status":"closed","ping_status":"closed","sticky":false,"template":"","format":"standard","meta":{"footnotes":""},"categories":[1370],"tags":[],"class_list":["post-24119","post","type-post","status-publish","format-standard","has-post-thumbnail","hentry","category-jerez"],"_links":{"self":[{"href":"https:\/\/enconecte.com\/index.php?rest_route=\/wp\/v2\/posts\/24119","targetHints":{"allow":["GET"]}}],"collection":[{"href":"https:\/\/enconecte.com\/index.php?rest_route=\/wp\/v2\/posts"}],"about":[{"href":"https:\/\/enconecte.com\/index.php?rest_route=\/wp\/v2\/types\/post"}],"author":[{"embeddable":true,"href":"https:\/\/enconecte.com\/index.php?rest_route=\/wp\/v2\/users\/9"}],"replies":[{"embeddable":true,"href":"https:\/\/enconecte.com\/index.php?rest_route=%2Fwp%2Fv2%2Fcomments&post=24119"}],"version-history":[{"count":0,"href":"https:\/\/enconecte.com\/index.php?rest_route=\/wp\/v2\/posts\/24119\/revisions"}],"wp:featuredmedia":[{"embeddable":true,"href":"https:\/\/enconecte.com\/index.php?rest_route=\/wp\/v2\/media\/24120"}],"wp:attachment":[{"href":"https:\/\/enconecte.com\/index.php?rest_route=%2Fwp%2Fv2%2Fmedia&parent=24119"}],"wp:term":[{"taxonomy":"category","embeddable":true,"href":"https:\/\/enconecte.com\/index.php?rest_route=%2Fwp%2Fv2%2Fcategories&post=24119"},{"taxonomy":"post_tag","embeddable":true,"href":"https:\/\/enconecte.com\/index.php?rest_route=%2Fwp%2Fv2%2Ftags&post=24119"}],"curies":[{"name":"wp","href":"https:\/\/api.w.org\/{rel}","templated":true}]}}