{"id":24100,"date":"2024-07-28T11:03:21","date_gmt":"2024-07-28T17:03:21","guid":{"rendered":"https:\/\/enconecte.com\/?p=24100"},"modified":"2024-08-01T13:41:23","modified_gmt":"2024-08-01T19:41:23","slug":"culmina-el-festival-nacional-de-danza-con-la-presentacion-de-esdanza","status":"publish","type":"post","link":"https:\/\/enconecte.com\/?p=24100","title":{"rendered":"CULMINA EL FESTIVAL NACIONAL DE DANZA CON LA PRESENTACI\u00d3N DE ESDANZA"},"content":{"rendered":"<p>Con la \u00e9xitos presentaci\u00f3n de la Compa\u00f1\u00eda de Danza Esc\u00e9nica de Guadalupe Zacatecas, Esdanza, se llev\u00f3 a cabo el cierre del Festival Nacional de Danza &#8220;Armando Correa Gonz\u00e1lez&#8221; en su edici\u00f3n n\u00famero 25, organizado por el Gobierno Municipal de Jerez.<\/p>\n<p>Con bailes tradicionales representativos de la entidad, los integrantes de Esdanza dieron vida al escenario del Teatro Hinojosa, compartiendo con el p\u00fablico el resultado de talento y disciplina, que comparte la agrupaci\u00f3n en cada una de sus presentaciones en festivales nacionales e internacionales.<\/p>\n<p>Con los bailes de danza de Matlachines Reliquia Zacatecana, A Pedir el Muerto, Zacatecas Reina de la Plata, Fiesta Charra, Tamborazo Ranchero y Tamborazo Zacatecano, la agrupaci\u00f3n dirigida por Juan Carlos Espinoza y Juan David Carrillo, celebraron junto al p\u00fablico jerezano nueves a\u00f1os de su fundaci\u00f3n.<\/p>\n<p>En el evento estuvieron presentes el Director del Instituto Jerezano de Cultura V\u00edctor Hugo Hu\u00edzar Iturriaga y el fundador del Festival, el Maestro Armando Correa Gonz\u00e1lez, quienes agradecieron a los asistentes a cada una de las fechas, ya que todos los eventos contaron con importantes n\u00famero\u00a0de\u00a0asistentes.<\/p>\n<p><a  href=\"https:\/\/enconecte.com\/wp-content\/uploads\/2024\/07\/Imagen-de-WhatsApp-2024-07-28-a-las-11.46.55_a875720c.jpg\" data-rel=\"lightbox-gallery-0\" data-rl_title=\"\" data-rl_caption=\"\" title=\"\"><img loading=\"lazy\" decoding=\"async\" class=\"alignnone size-full wp-image-24102\" src=\"https:\/\/enconecte.com\/wp-content\/uploads\/2024\/07\/Imagen-de-WhatsApp-2024-07-28-a-las-11.46.55_a875720c.jpg\" alt=\"\" width=\"1389\" height=\"694\" srcset=\"https:\/\/enconecte.com\/wp-content\/uploads\/2024\/07\/Imagen-de-WhatsApp-2024-07-28-a-las-11.46.55_a875720c.jpg 1389w, https:\/\/enconecte.com\/wp-content\/uploads\/2024\/07\/Imagen-de-WhatsApp-2024-07-28-a-las-11.46.55_a875720c-300x150.jpg 300w, https:\/\/enconecte.com\/wp-content\/uploads\/2024\/07\/Imagen-de-WhatsApp-2024-07-28-a-las-11.46.55_a875720c-1024x512.jpg 1024w, https:\/\/enconecte.com\/wp-content\/uploads\/2024\/07\/Imagen-de-WhatsApp-2024-07-28-a-las-11.46.55_a875720c-768x384.jpg 768w\" sizes=\"auto, (max-width: 1389px) 100vw, 1389px\" \/><\/a><\/p>\n","protected":false},"excerpt":{"rendered":"<p>Con la \u00e9xitos presentaci\u00f3n de la Compa\u00f1\u00eda de Danza Esc\u00e9nica de Guadalupe Zacatecas, Esdanza, se llev\u00f3 a cabo el cierre del Festival Nacional de Danza &#8220;Armando Correa Gonz\u00e1lez&#8221; en su edici\u00f3n n\u00famero 25, organizado por el Gobierno Municipal de Jerez. Con bailes tradicionales representativos de la entidad, los integrantes de Esdanza dieron vida al escenario [&hellip;]<\/p>\n","protected":false},"author":9,"featured_media":24101,"comment_status":"closed","ping_status":"closed","sticky":false,"template":"","format":"standard","meta":{"footnotes":""},"categories":[1370],"tags":[],"class_list":["post-24100","post","type-post","status-publish","format-standard","has-post-thumbnail","hentry","category-jerez"],"_links":{"self":[{"href":"https:\/\/enconecte.com\/index.php?rest_route=\/wp\/v2\/posts\/24100","targetHints":{"allow":["GET"]}}],"collection":[{"href":"https:\/\/enconecte.com\/index.php?rest_route=\/wp\/v2\/posts"}],"about":[{"href":"https:\/\/enconecte.com\/index.php?rest_route=\/wp\/v2\/types\/post"}],"author":[{"embeddable":true,"href":"https:\/\/enconecte.com\/index.php?rest_route=\/wp\/v2\/users\/9"}],"replies":[{"embeddable":true,"href":"https:\/\/enconecte.com\/index.php?rest_route=%2Fwp%2Fv2%2Fcomments&post=24100"}],"version-history":[{"count":0,"href":"https:\/\/enconecte.com\/index.php?rest_route=\/wp\/v2\/posts\/24100\/revisions"}],"wp:featuredmedia":[{"embeddable":true,"href":"https:\/\/enconecte.com\/index.php?rest_route=\/wp\/v2\/media\/24101"}],"wp:attachment":[{"href":"https:\/\/enconecte.com\/index.php?rest_route=%2Fwp%2Fv2%2Fmedia&parent=24100"}],"wp:term":[{"taxonomy":"category","embeddable":true,"href":"https:\/\/enconecte.com\/index.php?rest_route=%2Fwp%2Fv2%2Fcategories&post=24100"},{"taxonomy":"post_tag","embeddable":true,"href":"https:\/\/enconecte.com\/index.php?rest_route=%2Fwp%2Fv2%2Ftags&post=24100"}],"curies":[{"name":"wp","href":"https:\/\/api.w.org\/{rel}","templated":true}]}}