{"id":24091,"date":"2024-07-26T10:58:40","date_gmt":"2024-07-26T16:58:40","guid":{"rendered":"https:\/\/enconecte.com\/?p=24091"},"modified":"2024-07-29T11:00:34","modified_gmt":"2024-07-29T17:00:34","slug":"24091","status":"publish","type":"post","link":"https:\/\/enconecte.com\/?p=24091","title":{"rendered":"JEREZANOS DISTRUTAN EL FOLCLOR DE AGUSCALIENTES EN TEATRO HINOJOSA"},"content":{"rendered":"<p>En su cuarta fecha, el Festival Nacional de Danza \u201cArmando Correa Gonz\u00e1lez\u201d organizado por el Gobierno Municipal a trav\u00e9s del Instituto Jerezano de Cultura, ofreci\u00f3 al p\u00fablico un programa espectacular con la participaci\u00f3n del estado de Aguascalientes representado por el Grupo Folcl\u00f3rico Oll\u00edn Yoliztli.<\/p>\n<p>Con la escenificaci\u00f3n en danza folcl\u00f3rica se present\u00f3 \u201cBoda Hidroc\u00e1lida\u201d que refleja las costumbres y tradiciones de la entidad de origen en la festividad de una uni\u00f3n matrimonial, desde el cortejo a la convivencia, con los vestuarios alusivos en los bailarines, que culminan la estampa con el tradicional baile de la feria de San Marcos.<\/p>\n<p>Bajo la direcci\u00f3n de Jorge Alfredo Rodr\u00edguez Flores, quien cuenta con una trayectoria de 47 a\u00f1os y m\u00faltiples reconocimientos, los integrantes del ballet dieron muestra de la pasi\u00f3n y disciplina esenciales en la ense\u00f1anza de las coreograf\u00edas, que fueron ovacionadas por los asistentes.<\/p>\n<p>La agrupaci\u00f3n di\u00f3 al escenario del Teatro Hinojosa vida y movimiento, tal y como el significado de su nombre; Ollin Yoliztli desde el a\u00f1o 1994 fue fundado en la comunidad de San Jos\u00e9 de los Pocitos, por promoci\u00f3n del ahora director\u00a0del\u00a0ballet.<\/p>\n<p><a  href=\"https:\/\/enconecte.com\/wp-content\/uploads\/2024\/07\/Imagen-de-WhatsApp-2024-07-26-a-las-10.22.44_952ef4a6.jpg\" data-rel=\"lightbox-gallery-0\" data-rl_title=\"\" data-rl_caption=\"\" title=\"\"><img loading=\"lazy\" decoding=\"async\" class=\"alignnone size-full wp-image-24093\" src=\"https:\/\/enconecte.com\/wp-content\/uploads\/2024\/07\/Imagen-de-WhatsApp-2024-07-26-a-las-10.22.44_952ef4a6.jpg\" alt=\"\" width=\"1600\" height=\"1066\" srcset=\"https:\/\/enconecte.com\/wp-content\/uploads\/2024\/07\/Imagen-de-WhatsApp-2024-07-26-a-las-10.22.44_952ef4a6.jpg 1600w, https:\/\/enconecte.com\/wp-content\/uploads\/2024\/07\/Imagen-de-WhatsApp-2024-07-26-a-las-10.22.44_952ef4a6-300x200.jpg 300w, https:\/\/enconecte.com\/wp-content\/uploads\/2024\/07\/Imagen-de-WhatsApp-2024-07-26-a-las-10.22.44_952ef4a6-1024x682.jpg 1024w, https:\/\/enconecte.com\/wp-content\/uploads\/2024\/07\/Imagen-de-WhatsApp-2024-07-26-a-las-10.22.44_952ef4a6-768x512.jpg 768w, https:\/\/enconecte.com\/wp-content\/uploads\/2024\/07\/Imagen-de-WhatsApp-2024-07-26-a-las-10.22.44_952ef4a6-1536x1023.jpg 1536w\" sizes=\"auto, (max-width: 1600px) 100vw, 1600px\" \/><\/a><\/p>\n<p>&nbsp;<\/p>\n","protected":false},"excerpt":{"rendered":"<p>En su cuarta fecha, el Festival Nacional de Danza \u201cArmando Correa Gonz\u00e1lez\u201d organizado por el Gobierno Municipal a trav\u00e9s del Instituto Jerezano de Cultura, ofreci\u00f3 al p\u00fablico un programa espectacular con la participaci\u00f3n del estado de Aguascalientes representado por el Grupo Folcl\u00f3rico Oll\u00edn Yoliztli. Con la escenificaci\u00f3n en danza folcl\u00f3rica se present\u00f3 \u201cBoda Hidroc\u00e1lida\u201d que [&hellip;]<\/p>\n","protected":false},"author":9,"featured_media":24092,"comment_status":"closed","ping_status":"closed","sticky":false,"template":"","format":"standard","meta":{"footnotes":""},"categories":[1370],"tags":[],"class_list":["post-24091","post","type-post","status-publish","format-standard","has-post-thumbnail","hentry","category-jerez"],"_links":{"self":[{"href":"https:\/\/enconecte.com\/index.php?rest_route=\/wp\/v2\/posts\/24091","targetHints":{"allow":["GET"]}}],"collection":[{"href":"https:\/\/enconecte.com\/index.php?rest_route=\/wp\/v2\/posts"}],"about":[{"href":"https:\/\/enconecte.com\/index.php?rest_route=\/wp\/v2\/types\/post"}],"author":[{"embeddable":true,"href":"https:\/\/enconecte.com\/index.php?rest_route=\/wp\/v2\/users\/9"}],"replies":[{"embeddable":true,"href":"https:\/\/enconecte.com\/index.php?rest_route=%2Fwp%2Fv2%2Fcomments&post=24091"}],"version-history":[{"count":0,"href":"https:\/\/enconecte.com\/index.php?rest_route=\/wp\/v2\/posts\/24091\/revisions"}],"wp:featuredmedia":[{"embeddable":true,"href":"https:\/\/enconecte.com\/index.php?rest_route=\/wp\/v2\/media\/24092"}],"wp:attachment":[{"href":"https:\/\/enconecte.com\/index.php?rest_route=%2Fwp%2Fv2%2Fmedia&parent=24091"}],"wp:term":[{"taxonomy":"category","embeddable":true,"href":"https:\/\/enconecte.com\/index.php?rest_route=%2Fwp%2Fv2%2Fcategories&post=24091"},{"taxonomy":"post_tag","embeddable":true,"href":"https:\/\/enconecte.com\/index.php?rest_route=%2Fwp%2Fv2%2Ftags&post=24091"}],"curies":[{"name":"wp","href":"https:\/\/api.w.org\/{rel}","templated":true}]}}