{"id":23958,"date":"2024-07-06T16:04:43","date_gmt":"2024-07-06T22:04:43","guid":{"rendered":"https:\/\/enconecte.com\/?p=23958"},"modified":"2024-07-12T16:05:54","modified_gmt":"2024-07-12T22:05:54","slug":"dif-jerez-cierra-ciclo-de-capacitaciones-de-autoempleo-y-desarrollo-personal","status":"publish","type":"post","link":"https:\/\/enconecte.com\/?p=23958","title":{"rendered":"DIF JEREZ CIERRA CICLO DE CAPACITACIONES DE AUTOEMPLEO Y DESARROLLO PERSONAL"},"content":{"rendered":"<p>El DIF Municipal cierra el ciclo de capacitaciones para 458 jerezanos a trav\u00e9s de 74 Talleres Comunitarios, donde se proporcionaron herramientas y oportunidades para el autoempleo y el desarrollo personal.<\/p>\n<p>La Presidenta Honor\u00edfica del Sistema, Bertha Alicia Garc\u00eda Duarte, expres\u00f3 su agradecimiento a todos los participantes, instructores y colaboradores que hicieron posible este importante programa, \u201cdurante un a\u00f1o hemos sido testigos del arduo trabajo y dedicaci\u00f3n demostrados por cada uno de ustedes en la adquisici\u00f3n de nuevas habilidades y conocimientos que les permitir\u00e1n emprender sus propios negocios y mejorar su calidad de vida, estos talleres son espacios de aprendizaje, encuentro y apoyo mutuo de jerezanos de todas las edades\u201d.<\/p>\n<p>En esta ceremonia de clausura, estuvieron presentes las promotoras de los ocho Centros de Desarrollo Comunitario (CDC) donde se imparten los Talleres, as\u00ed como la Directora del organismo, Roc\u00edo Azucena Ibarra Bautista y la titular de la Jefatura Operativa, Erika Judith Lozano Acevedo.<\/p>\n<p>Las presentaciones del resultado de los talleres fueron, baile urbano, ballet, jazz, aerobics, zumba, recital de guitarra, kung fu, belleza, automaquillaje, barber\u00eda, y corte y confecci\u00f3n; adem\u00e1s de oficios como tejido, carpinter\u00eda, gastronom\u00eda, entre\u00a0muchos\u00a0otros.<\/p>\n<p><a  href=\"https:\/\/enconecte.com\/wp-content\/uploads\/2024\/07\/Imagen-de-WhatsApp-2024-07-06-a-las-15.10.46_9b2b84a2.jpg\" data-rel=\"lightbox-gallery-0\" data-rl_title=\"\" data-rl_caption=\"\" title=\"\"><img loading=\"lazy\" decoding=\"async\" class=\"alignnone size-full wp-image-23960\" src=\"https:\/\/enconecte.com\/wp-content\/uploads\/2024\/07\/Imagen-de-WhatsApp-2024-07-06-a-las-15.10.46_9b2b84a2.jpg\" alt=\"\" width=\"1600\" height=\"1066\" srcset=\"https:\/\/enconecte.com\/wp-content\/uploads\/2024\/07\/Imagen-de-WhatsApp-2024-07-06-a-las-15.10.46_9b2b84a2.jpg 1600w, https:\/\/enconecte.com\/wp-content\/uploads\/2024\/07\/Imagen-de-WhatsApp-2024-07-06-a-las-15.10.46_9b2b84a2-300x200.jpg 300w, https:\/\/enconecte.com\/wp-content\/uploads\/2024\/07\/Imagen-de-WhatsApp-2024-07-06-a-las-15.10.46_9b2b84a2-1024x682.jpg 1024w, https:\/\/enconecte.com\/wp-content\/uploads\/2024\/07\/Imagen-de-WhatsApp-2024-07-06-a-las-15.10.46_9b2b84a2-768x512.jpg 768w, https:\/\/enconecte.com\/wp-content\/uploads\/2024\/07\/Imagen-de-WhatsApp-2024-07-06-a-las-15.10.46_9b2b84a2-1536x1023.jpg 1536w\" sizes=\"auto, (max-width: 1600px) 100vw, 1600px\" \/><\/a><\/p>\n","protected":false},"excerpt":{"rendered":"<p>El DIF Municipal cierra el ciclo de capacitaciones para 458 jerezanos a trav\u00e9s de 74 Talleres Comunitarios, donde se proporcionaron herramientas y oportunidades para el autoempleo y el desarrollo personal. La Presidenta Honor\u00edfica del Sistema, Bertha Alicia Garc\u00eda Duarte, expres\u00f3 su agradecimiento a todos los participantes, instructores y colaboradores que hicieron posible este importante programa, [&hellip;]<\/p>\n","protected":false},"author":9,"featured_media":23959,"comment_status":"closed","ping_status":"closed","sticky":false,"template":"","format":"standard","meta":{"footnotes":""},"categories":[1370],"tags":[],"class_list":["post-23958","post","type-post","status-publish","format-standard","has-post-thumbnail","hentry","category-jerez"],"_links":{"self":[{"href":"https:\/\/enconecte.com\/index.php?rest_route=\/wp\/v2\/posts\/23958","targetHints":{"allow":["GET"]}}],"collection":[{"href":"https:\/\/enconecte.com\/index.php?rest_route=\/wp\/v2\/posts"}],"about":[{"href":"https:\/\/enconecte.com\/index.php?rest_route=\/wp\/v2\/types\/post"}],"author":[{"embeddable":true,"href":"https:\/\/enconecte.com\/index.php?rest_route=\/wp\/v2\/users\/9"}],"replies":[{"embeddable":true,"href":"https:\/\/enconecte.com\/index.php?rest_route=%2Fwp%2Fv2%2Fcomments&post=23958"}],"version-history":[{"count":0,"href":"https:\/\/enconecte.com\/index.php?rest_route=\/wp\/v2\/posts\/23958\/revisions"}],"wp:featuredmedia":[{"embeddable":true,"href":"https:\/\/enconecte.com\/index.php?rest_route=\/wp\/v2\/media\/23959"}],"wp:attachment":[{"href":"https:\/\/enconecte.com\/index.php?rest_route=%2Fwp%2Fv2%2Fmedia&parent=23958"}],"wp:term":[{"taxonomy":"category","embeddable":true,"href":"https:\/\/enconecte.com\/index.php?rest_route=%2Fwp%2Fv2%2Fcategories&post=23958"},{"taxonomy":"post_tag","embeddable":true,"href":"https:\/\/enconecte.com\/index.php?rest_route=%2Fwp%2Fv2%2Ftags&post=23958"}],"curies":[{"name":"wp","href":"https:\/\/api.w.org\/{rel}","templated":true}]}}