{"id":23936,"date":"2024-07-02T17:28:57","date_gmt":"2024-07-02T23:28:57","guid":{"rendered":"https:\/\/enconecte.com\/?p=23936"},"modified":"2024-07-05T17:51:00","modified_gmt":"2024-07-05T23:51:00","slug":"todo-listo-para-celebrar-la-semana-del-migrante-en-jerez","status":"publish","type":"post","link":"https:\/\/enconecte.com\/?p=23936","title":{"rendered":"TODO LISTO PARA CELEBRAR LA SEMANA DEL MIGRANTE EN JEREZ"},"content":{"rendered":"<p>El Coordinador Municipal de Turismo, Francisco Serrano Miranda, coment\u00f3 que ya est\u00e1 todo listo para la celebraci\u00f3n de la Tercer Semana del Migrante a celebrarse del 20 al 28 de julio del a\u00f1o en curso en el municipio de Jerez.<\/p>\n<p>Indic\u00f3 que por instrucciones del Presidente Municipal, Jos\u00e9 Humberto Salazar Contreras, se organiz\u00f3 un programa general vareado, con el objetivo de homenajear a los hermanos migrantes, aquellos que aman su tierra y nunca se olvidan de ella.<\/p>\n<p>Agreg\u00f3 que entre las actividades culturales, deportivas y gastron\u00f3micas, destacan la \u201cCabalgata por la Paz\u201d, la cual se realizar\u00e1 el domingo 21, donde se asimilar\u00e1 a la del S\u00e1bado de Gloria y tendr\u00e1 tambi\u00e9n Quema de Judas y ofrenda Floral; adem\u00e1s que con ello se pretende reactivar la econom\u00eda local al contar con visitantes de diversas partes del pa\u00eds y de la uni\u00f3n americana.<\/p>\n<p>Asimismo, se contempla una ceremonia para galardonar a personalidades migrantes originarias de Jerez y un homenaje a Don Rafael Arguelles en la Hacienda de Ci\u00e9nega.<\/p>\n<p>Por \u00faltimo, hace una cordial invitaci\u00f3n a la ciudadan\u00eda en general a asistir y participar en las diversas actividades que se tienen pensadas para esta celebraci\u00f3n que implement\u00f3 la actual administraci\u00f3n en honor a los hermanos\u00a0paisanos.<\/p>\n<p><a  href=\"https:\/\/enconecte.com\/wp-content\/uploads\/2024\/07\/Imagen-de-WhatsApp-2024-07-02-a-las-13.46.28_3c277ab4.jpg\" data-rel=\"lightbox-gallery-0\" data-rl_title=\"\" data-rl_caption=\"\" title=\"\"><img loading=\"lazy\" decoding=\"async\" class=\"alignnone size-full wp-image-23937\" src=\"https:\/\/enconecte.com\/wp-content\/uploads\/2024\/07\/Imagen-de-WhatsApp-2024-07-02-a-las-13.46.28_3c277ab4.jpg\" alt=\"\" width=\"1035\" height=\"1600\" srcset=\"https:\/\/enconecte.com\/wp-content\/uploads\/2024\/07\/Imagen-de-WhatsApp-2024-07-02-a-las-13.46.28_3c277ab4.jpg 1035w, https:\/\/enconecte.com\/wp-content\/uploads\/2024\/07\/Imagen-de-WhatsApp-2024-07-02-a-las-13.46.28_3c277ab4-194x300.jpg 194w, https:\/\/enconecte.com\/wp-content\/uploads\/2024\/07\/Imagen-de-WhatsApp-2024-07-02-a-las-13.46.28_3c277ab4-662x1024.jpg 662w, https:\/\/enconecte.com\/wp-content\/uploads\/2024\/07\/Imagen-de-WhatsApp-2024-07-02-a-las-13.46.28_3c277ab4-768x1187.jpg 768w, https:\/\/enconecte.com\/wp-content\/uploads\/2024\/07\/Imagen-de-WhatsApp-2024-07-02-a-las-13.46.28_3c277ab4-994x1536.jpg 994w\" sizes=\"auto, (max-width: 1035px) 100vw, 1035px\" \/><\/a><\/p>\n","protected":false},"excerpt":{"rendered":"<p>El Coordinador Municipal de Turismo, Francisco Serrano Miranda, coment\u00f3 que ya est\u00e1 todo listo para la celebraci\u00f3n de la Tercer Semana del Migrante a celebrarse del 20 al 28 de julio del a\u00f1o en curso en el municipio de Jerez. Indic\u00f3 que por instrucciones del Presidente Municipal, Jos\u00e9 Humberto Salazar Contreras, se organiz\u00f3 un programa [&hellip;]<\/p>\n","protected":false},"author":9,"featured_media":22731,"comment_status":"closed","ping_status":"closed","sticky":false,"template":"","format":"standard","meta":{"footnotes":""},"categories":[1370],"tags":[],"class_list":["post-23936","post","type-post","status-publish","format-standard","has-post-thumbnail","hentry","category-jerez"],"_links":{"self":[{"href":"https:\/\/enconecte.com\/index.php?rest_route=\/wp\/v2\/posts\/23936","targetHints":{"allow":["GET"]}}],"collection":[{"href":"https:\/\/enconecte.com\/index.php?rest_route=\/wp\/v2\/posts"}],"about":[{"href":"https:\/\/enconecte.com\/index.php?rest_route=\/wp\/v2\/types\/post"}],"author":[{"embeddable":true,"href":"https:\/\/enconecte.com\/index.php?rest_route=\/wp\/v2\/users\/9"}],"replies":[{"embeddable":true,"href":"https:\/\/enconecte.com\/index.php?rest_route=%2Fwp%2Fv2%2Fcomments&post=23936"}],"version-history":[{"count":0,"href":"https:\/\/enconecte.com\/index.php?rest_route=\/wp\/v2\/posts\/23936\/revisions"}],"wp:featuredmedia":[{"embeddable":true,"href":"https:\/\/enconecte.com\/index.php?rest_route=\/wp\/v2\/media\/22731"}],"wp:attachment":[{"href":"https:\/\/enconecte.com\/index.php?rest_route=%2Fwp%2Fv2%2Fmedia&parent=23936"}],"wp:term":[{"taxonomy":"category","embeddable":true,"href":"https:\/\/enconecte.com\/index.php?rest_route=%2Fwp%2Fv2%2Fcategories&post=23936"},{"taxonomy":"post_tag","embeddable":true,"href":"https:\/\/enconecte.com\/index.php?rest_route=%2Fwp%2Fv2%2Ftags&post=23936"}],"curies":[{"name":"wp","href":"https:\/\/api.w.org\/{rel}","templated":true}]}}