{"id":23933,"date":"2024-07-03T15:28:29","date_gmt":"2024-07-03T21:28:29","guid":{"rendered":"https:\/\/enconecte.com\/?p=23933"},"modified":"2024-07-05T17:51:00","modified_gmt":"2024-07-05T23:51:00","slug":"todo-listo-para-la-cuarta-carrera-incluyente-por-la-paz-5k","status":"publish","type":"post","link":"https:\/\/enconecte.com\/?p=23933","title":{"rendered":"TODO LISTO PARA LA CUARTA CARRERA INCLUYENTE POR LA PAZ 5K"},"content":{"rendered":"<p>Este pr\u00f3ximo domingo de realizar\u00e1 la Cuarta Carrera Incluyente por la Paz 5 K, que se desarrollar\u00e1 en las principales calles de la ciudad, por lo que las instituciones involucradas en la organizaci\u00f3n, encabezados por el Director del Instituto de Cultura F\u00edsica y Deporte de Zacatecas (INCUFIDEZ), sostuvieron una reuni\u00f3n, con el objeto de afinar todos los detalles de log\u00edstica.<\/p>\n<p>La representaci\u00f3n de la Guardia Nacional, la Delegaci\u00f3n de Transporte P\u00fablico y Vialidad, Seguridad P\u00fablica municipal, Protecci\u00f3n Civil, as\u00ed como el Gobierno de Jerez, representado por el titular del Comit\u00e9 del Deporte Armando Qui\u00f1ones Ortiz, tomaron parte de esta reuni\u00f3n, en la que adem\u00e1s estuvieron representados, la Liga de Atletismo y maestros de Educaci\u00f3n F\u00edsica del municipio, que fungir\u00e1n como jueces de la competencia.<\/p>\n<p>De esta manera se tomaron acuerdos para facilitar el desarrollo de la competencia, se definieron los puntos en los que se har\u00e1n cortes parciales y los cierres de circulaci\u00f3n, en las calles cercanas al circuito, que partir\u00e1 frente a la Presidencia Municipal y continuar\u00e1 por la calle del Santuario, Flores, ingreso a la Alameda Garc\u00eda Salinas, para continuar por Alameda Sur, Parroquia, San Luis, retorno por el paso a desnivel del puente hacia la Garc\u00eda Salinas, Reforma, Mina, nuevamente Hospicio y terminar frente al jard\u00edn principal.<\/p>\n<p>Primeramente se dar\u00e1 la salida al paseo ciclista y luego de forma escalonada a cada una de las categor\u00edas; previo al banderazo, se realizar\u00e1n honores a la bandera y el protocolo de inicio por parte de autoridades estatales y municipales.<\/p>\n<p>Se colocar\u00e1n vallas en puntos de mayor concentraci\u00f3n y habr\u00e1 una cantidad importante de voluntarios que apoyar\u00e1n a los corredores indicando la ruta o bien auxiliando en lo que se requiera; Protecci\u00f3n Civil, destinar\u00e1 dos ambulancias, una que estar\u00e1 en punto fijo y otra sobre recorrido, en la retaguardia del contingente.<\/p>\n<p>Debido a lo atractivo de los premios, que es de 10 mil pesos al ganador de cada categor\u00eda, seis al segundo y cuatro al tercero, el titular del INCUFIDEZ estima que la cantidad de corredores pueda aproximarse al millar y que asistan m\u00e1s de 2 mil 500 personas para presenciar la competencia. Dijo que el evento ha despertado inter\u00e9s en diversas partes\u00a0del\u00a0pa\u00eds.<\/p>\n<p><a  href=\"https:\/\/enconecte.com\/wp-content\/uploads\/2024\/07\/Imagen-de-WhatsApp-2024-07-03-a-las-13.07.53_064bd763.jpg\" data-rel=\"lightbox-gallery-0\" data-rl_title=\"\" data-rl_caption=\"\" title=\"\"><img loading=\"lazy\" decoding=\"async\" class=\"alignnone size-full wp-image-23935\" src=\"https:\/\/enconecte.com\/wp-content\/uploads\/2024\/07\/Imagen-de-WhatsApp-2024-07-03-a-las-13.07.53_064bd763.jpg\" alt=\"\" width=\"1035\" height=\"1600\" srcset=\"https:\/\/enconecte.com\/wp-content\/uploads\/2024\/07\/Imagen-de-WhatsApp-2024-07-03-a-las-13.07.53_064bd763.jpg 1035w, https:\/\/enconecte.com\/wp-content\/uploads\/2024\/07\/Imagen-de-WhatsApp-2024-07-03-a-las-13.07.53_064bd763-194x300.jpg 194w, https:\/\/enconecte.com\/wp-content\/uploads\/2024\/07\/Imagen-de-WhatsApp-2024-07-03-a-las-13.07.53_064bd763-662x1024.jpg 662w, https:\/\/enconecte.com\/wp-content\/uploads\/2024\/07\/Imagen-de-WhatsApp-2024-07-03-a-las-13.07.53_064bd763-768x1187.jpg 768w, https:\/\/enconecte.com\/wp-content\/uploads\/2024\/07\/Imagen-de-WhatsApp-2024-07-03-a-las-13.07.53_064bd763-994x1536.jpg 994w\" sizes=\"auto, (max-width: 1035px) 100vw, 1035px\" \/><\/a><\/p>\n","protected":false},"excerpt":{"rendered":"<p>Este pr\u00f3ximo domingo de realizar\u00e1 la Cuarta Carrera Incluyente por la Paz 5 K, que se desarrollar\u00e1 en las principales calles de la ciudad, por lo que las instituciones involucradas en la organizaci\u00f3n, encabezados por el Director del Instituto de Cultura F\u00edsica y Deporte de Zacatecas (INCUFIDEZ), sostuvieron una reuni\u00f3n, con el objeto de afinar [&hellip;]<\/p>\n","protected":false},"author":9,"featured_media":23934,"comment_status":"closed","ping_status":"closed","sticky":false,"template":"","format":"standard","meta":{"footnotes":""},"categories":[1370],"tags":[],"class_list":["post-23933","post","type-post","status-publish","format-standard","has-post-thumbnail","hentry","category-jerez"],"_links":{"self":[{"href":"https:\/\/enconecte.com\/index.php?rest_route=\/wp\/v2\/posts\/23933","targetHints":{"allow":["GET"]}}],"collection":[{"href":"https:\/\/enconecte.com\/index.php?rest_route=\/wp\/v2\/posts"}],"about":[{"href":"https:\/\/enconecte.com\/index.php?rest_route=\/wp\/v2\/types\/post"}],"author":[{"embeddable":true,"href":"https:\/\/enconecte.com\/index.php?rest_route=\/wp\/v2\/users\/9"}],"replies":[{"embeddable":true,"href":"https:\/\/enconecte.com\/index.php?rest_route=%2Fwp%2Fv2%2Fcomments&post=23933"}],"version-history":[{"count":0,"href":"https:\/\/enconecte.com\/index.php?rest_route=\/wp\/v2\/posts\/23933\/revisions"}],"wp:featuredmedia":[{"embeddable":true,"href":"https:\/\/enconecte.com\/index.php?rest_route=\/wp\/v2\/media\/23934"}],"wp:attachment":[{"href":"https:\/\/enconecte.com\/index.php?rest_route=%2Fwp%2Fv2%2Fmedia&parent=23933"}],"wp:term":[{"taxonomy":"category","embeddable":true,"href":"https:\/\/enconecte.com\/index.php?rest_route=%2Fwp%2Fv2%2Fcategories&post=23933"},{"taxonomy":"post_tag","embeddable":true,"href":"https:\/\/enconecte.com\/index.php?rest_route=%2Fwp%2Fv2%2Ftags&post=23933"}],"curies":[{"name":"wp","href":"https:\/\/api.w.org\/{rel}","templated":true}]}}