{"id":23930,"date":"2024-07-03T17:26:53","date_gmt":"2024-07-03T23:26:53","guid":{"rendered":"https:\/\/enconecte.com\/?p=23930"},"modified":"2024-07-05T17:51:00","modified_gmt":"2024-07-05T23:51:00","slug":"simapaj-y-sama-realizan-feria-del-agua-en-la-primaria-francisco-goitia","status":"publish","type":"post","link":"https:\/\/enconecte.com\/?p=23930","title":{"rendered":"SIMAPAJ Y SAMA REALIZAN FERIA DEL AGUA EN LA PRIMARIA FRANCISCO GOITIA"},"content":{"rendered":"<p>Se realiz\u00f3 la Feria del Agua en la escuela primaria Francisco Goitia, actividad que organiza el Sistema Municipal de Agua Potable y Alcantarillado de Jerez (SIMAPAJ), en coordinaci\u00f3n con la Secretar\u00eda del Agua y Medio Ambiente del Gobierno del Estado de Zacatecas.<\/p>\n<p>Cindy Flores Romero, Subdirectora del \u00c1rea Comercial, en representaci\u00f3n del Director del SIMAPAJ, Marco Antonio Valenzuela Esquivel, coment\u00f3 que la misi\u00f3n es cuidar el agua y darle un uso adecuado, \u201cdebemos cuidarla hoy para que no nos falte ma\u00f1ana\u201d, afirm\u00f3.<\/p>\n<p>Asimismo, invit\u00f3 a las ni\u00f1as y ni\u00f1os presentes ser promotores del cuidado del agua y llevar el mensaje a sus hogares, la finalidad de las actividades dijo, es crear conciencia en la cultura del cuidado del agua.<\/p>\n<p><a  href=\"https:\/\/enconecte.com\/wp-content\/uploads\/2024\/07\/Imagen-de-WhatsApp-2024-07-03-a-las-14.57.08_b0aafc80.jpg\" data-rel=\"lightbox-gallery-0\" data-rl_title=\"\" data-rl_caption=\"\" title=\"\"><img loading=\"lazy\" decoding=\"async\" class=\"alignnone size-full wp-image-23932\" src=\"https:\/\/enconecte.com\/wp-content\/uploads\/2024\/07\/Imagen-de-WhatsApp-2024-07-03-a-las-14.57.08_b0aafc80.jpg\" alt=\"\" width=\"1280\" height=\"853\" srcset=\"https:\/\/enconecte.com\/wp-content\/uploads\/2024\/07\/Imagen-de-WhatsApp-2024-07-03-a-las-14.57.08_b0aafc80.jpg 1280w, https:\/\/enconecte.com\/wp-content\/uploads\/2024\/07\/Imagen-de-WhatsApp-2024-07-03-a-las-14.57.08_b0aafc80-300x200.jpg 300w, https:\/\/enconecte.com\/wp-content\/uploads\/2024\/07\/Imagen-de-WhatsApp-2024-07-03-a-las-14.57.08_b0aafc80-1024x682.jpg 1024w, https:\/\/enconecte.com\/wp-content\/uploads\/2024\/07\/Imagen-de-WhatsApp-2024-07-03-a-las-14.57.08_b0aafc80-768x512.jpg 768w\" sizes=\"auto, (max-width: 1280px) 100vw, 1280px\" \/><\/a><\/p>\n<p>Por su parte, la titular del Espacio de Cultura del Agua de SAMA, Lidia Z\u00fa\u00f1iga Escobedo, indic\u00f3 que desde el Gobierno del Estado se trabaja en la materia arduamente y reconoci\u00f3 al organismo operador d Jerez porque en lo que va del a\u00f1o ya se han realizado dos ferias en distintas escuelas primarias.<\/p>\n<p>Para finalizar, el Director del plantel educativo, Jes\u00fas \u00c1ngel Medina Salazar, agradeci\u00f3 el que se eligiera ese espacio para llevar la feria del agua, adem\u00e1s que hoy en d\u00eda, el cuidado del agua es de suma importancia a\u00a0nivel\u00a0mundial.<\/p>\n","protected":false},"excerpt":{"rendered":"<p>Se realiz\u00f3 la Feria del Agua en la escuela primaria Francisco Goitia, actividad que organiza el Sistema Municipal de Agua Potable y Alcantarillado de Jerez (SIMAPAJ), en coordinaci\u00f3n con la Secretar\u00eda del Agua y Medio Ambiente del Gobierno del Estado de Zacatecas. Cindy Flores Romero, Subdirectora del \u00c1rea Comercial, en representaci\u00f3n del Director del SIMAPAJ, [&hellip;]<\/p>\n","protected":false},"author":9,"featured_media":23931,"comment_status":"closed","ping_status":"closed","sticky":false,"template":"","format":"standard","meta":{"footnotes":""},"categories":[1370],"tags":[],"class_list":["post-23930","post","type-post","status-publish","format-standard","has-post-thumbnail","hentry","category-jerez"],"_links":{"self":[{"href":"https:\/\/enconecte.com\/index.php?rest_route=\/wp\/v2\/posts\/23930","targetHints":{"allow":["GET"]}}],"collection":[{"href":"https:\/\/enconecte.com\/index.php?rest_route=\/wp\/v2\/posts"}],"about":[{"href":"https:\/\/enconecte.com\/index.php?rest_route=\/wp\/v2\/types\/post"}],"author":[{"embeddable":true,"href":"https:\/\/enconecte.com\/index.php?rest_route=\/wp\/v2\/users\/9"}],"replies":[{"embeddable":true,"href":"https:\/\/enconecte.com\/index.php?rest_route=%2Fwp%2Fv2%2Fcomments&post=23930"}],"version-history":[{"count":0,"href":"https:\/\/enconecte.com\/index.php?rest_route=\/wp\/v2\/posts\/23930\/revisions"}],"wp:featuredmedia":[{"embeddable":true,"href":"https:\/\/enconecte.com\/index.php?rest_route=\/wp\/v2\/media\/23931"}],"wp:attachment":[{"href":"https:\/\/enconecte.com\/index.php?rest_route=%2Fwp%2Fv2%2Fmedia&parent=23930"}],"wp:term":[{"taxonomy":"category","embeddable":true,"href":"https:\/\/enconecte.com\/index.php?rest_route=%2Fwp%2Fv2%2Fcategories&post=23930"},{"taxonomy":"post_tag","embeddable":true,"href":"https:\/\/enconecte.com\/index.php?rest_route=%2Fwp%2Fv2%2Ftags&post=23930"}],"curies":[{"name":"wp","href":"https:\/\/api.w.org\/{rel}","templated":true}]}}