{"id":23857,"date":"2024-06-21T23:48:57","date_gmt":"2024-06-22T05:48:57","guid":{"rendered":"https:\/\/enconecte.com\/?p=23857"},"modified":"2024-06-21T23:48:57","modified_gmt":"2024-06-22T05:48:57","slug":"rehabilitan-el-acceso-a-las-oficinas-de-obras-publicas-en-el-auditorio-municipal","status":"publish","type":"post","link":"https:\/\/enconecte.com\/?p=23857","title":{"rendered":"REHABILITAN EL ACCESO A LAS OFICINAS DE OBRAS P\u00daBLICAS EN EL AUDITORIO MUNICIPAL"},"content":{"rendered":"<p>Con la rehabilitaci\u00f3n del acceso vehicular en las instalaciones de la Direcci\u00f3n de Obras P\u00fablicas, en el espacio anexo al Auditorio Genaro Borrego Estrada, contin\u00faan los trabajos de acondicionamiento, que permitir\u00e1n contar con un centro m\u00e1s digno para la atenci\u00f3n al p\u00fablico.<\/p>\n<p>De acuerdo con el proyecto, el trabajo consiste en la colocaci\u00f3n de dos mil metros cuadrados de asfalto, considerando adem\u00e1s el respectivo corte de terreno, nivelaci\u00f3n, construcci\u00f3n de base hidr\u00e1ulica y la colocaci\u00f3n de la superficie; de igual manera, se aplicar\u00e1 un tendido de grava en los costados del acceso.<\/p>\n<p>El proyecto presenta hasta el momento, un 40 por ciento de avance y se estima que esta fase est\u00e9 concluida aproximadamente en un mes; posteriormente se considera acondicionar de forma similar, la calle que se localiza en la parte del frente, que corre de sur a norte, y la cual ser\u00e1 utilizada principalmente por quienes participan en actividades deportivas, que se realizan en el auditorio, as\u00ed como\u00a0sus\u00a0familias.<\/p>\n<p><a  href=\"https:\/\/enconecte.com\/wp-content\/uploads\/2024\/06\/Imagen-de-WhatsApp-2024-06-21-a-las-11.36.52_43bbbddd.jpg\" data-rel=\"lightbox-gallery-0\" data-rl_title=\"\" data-rl_caption=\"\" title=\"\"><img loading=\"lazy\" decoding=\"async\" class=\"alignnone size-full wp-image-23859\" src=\"https:\/\/enconecte.com\/wp-content\/uploads\/2024\/06\/Imagen-de-WhatsApp-2024-06-21-a-las-11.36.52_43bbbddd.jpg\" alt=\"\" width=\"1600\" height=\"1066\" srcset=\"https:\/\/enconecte.com\/wp-content\/uploads\/2024\/06\/Imagen-de-WhatsApp-2024-06-21-a-las-11.36.52_43bbbddd.jpg 1600w, https:\/\/enconecte.com\/wp-content\/uploads\/2024\/06\/Imagen-de-WhatsApp-2024-06-21-a-las-11.36.52_43bbbddd-300x200.jpg 300w, https:\/\/enconecte.com\/wp-content\/uploads\/2024\/06\/Imagen-de-WhatsApp-2024-06-21-a-las-11.36.52_43bbbddd-1024x682.jpg 1024w, https:\/\/enconecte.com\/wp-content\/uploads\/2024\/06\/Imagen-de-WhatsApp-2024-06-21-a-las-11.36.52_43bbbddd-768x512.jpg 768w, https:\/\/enconecte.com\/wp-content\/uploads\/2024\/06\/Imagen-de-WhatsApp-2024-06-21-a-las-11.36.52_43bbbddd-1536x1023.jpg 1536w\" sizes=\"auto, (max-width: 1600px) 100vw, 1600px\" \/><\/a><\/p>\n","protected":false},"excerpt":{"rendered":"<p>Con la rehabilitaci\u00f3n del acceso vehicular en las instalaciones de la Direcci\u00f3n de Obras P\u00fablicas, en el espacio anexo al Auditorio Genaro Borrego Estrada, contin\u00faan los trabajos de acondicionamiento, que permitir\u00e1n contar con un centro m\u00e1s digno para la atenci\u00f3n al p\u00fablico. De acuerdo con el proyecto, el trabajo consiste en la colocaci\u00f3n de dos [&hellip;]<\/p>\n","protected":false},"author":9,"featured_media":23858,"comment_status":"closed","ping_status":"closed","sticky":false,"template":"","format":"standard","meta":{"footnotes":""},"categories":[1370],"tags":[],"class_list":["post-23857","post","type-post","status-publish","format-standard","has-post-thumbnail","hentry","category-jerez"],"_links":{"self":[{"href":"https:\/\/enconecte.com\/index.php?rest_route=\/wp\/v2\/posts\/23857","targetHints":{"allow":["GET"]}}],"collection":[{"href":"https:\/\/enconecte.com\/index.php?rest_route=\/wp\/v2\/posts"}],"about":[{"href":"https:\/\/enconecte.com\/index.php?rest_route=\/wp\/v2\/types\/post"}],"author":[{"embeddable":true,"href":"https:\/\/enconecte.com\/index.php?rest_route=\/wp\/v2\/users\/9"}],"replies":[{"embeddable":true,"href":"https:\/\/enconecte.com\/index.php?rest_route=%2Fwp%2Fv2%2Fcomments&post=23857"}],"version-history":[{"count":0,"href":"https:\/\/enconecte.com\/index.php?rest_route=\/wp\/v2\/posts\/23857\/revisions"}],"wp:featuredmedia":[{"embeddable":true,"href":"https:\/\/enconecte.com\/index.php?rest_route=\/wp\/v2\/media\/23858"}],"wp:attachment":[{"href":"https:\/\/enconecte.com\/index.php?rest_route=%2Fwp%2Fv2%2Fmedia&parent=23857"}],"wp:term":[{"taxonomy":"category","embeddable":true,"href":"https:\/\/enconecte.com\/index.php?rest_route=%2Fwp%2Fv2%2Fcategories&post=23857"},{"taxonomy":"post_tag","embeddable":true,"href":"https:\/\/enconecte.com\/index.php?rest_route=%2Fwp%2Fv2%2Ftags&post=23857"}],"curies":[{"name":"wp","href":"https:\/\/api.w.org\/{rel}","templated":true}]}}