{"id":23798,"date":"2024-05-22T23:15:04","date_gmt":"2024-05-23T05:15:04","guid":{"rendered":"https:\/\/enconecte.com\/?p=23798"},"modified":"2024-06-21T23:15:40","modified_gmt":"2024-06-22T05:15:40","slug":"dif-jerez-herramientas-motivacionales-a-estudiantes-universitarios","status":"publish","type":"post","link":"https:\/\/enconecte.com\/?p=23798","title":{"rendered":"DIF JEREZ HERRAMIENTAS MOTIVACIONALES A ESTUDIANTES UNIVERSITARIOS"},"content":{"rendered":"<p>El DIF Jerez contin\u00faa otorgando a las escuelas y sus alumnos herramientas para el mejor aprovechamiento acad\u00e9mico, por lo que brind\u00f3 al Instituto Tecnol\u00f3gico Superior de Jerez (ITSJ) la conferencia \u201cMotivaci\u00f3n personal y sentido de vida\u201d.<\/p>\n<p>Dentro de la Semana Tecnol\u00f3gica Acad\u00e9mica, Cultural y Deportiva del ITSJ, el DIF Jerez se hizo presente por medio de personal de Psicolog\u00eda, para ofrecer a sus estudiantes perspectivas de apoyo en su desarrollo profesional.<\/p>\n<p>El objetivo es evitar la deserci\u00f3n escolar de los alumnos, al adquirir habilidades que les ayuden a construir un proyecto de vida dentro del cual una de sus principales motivaciones sea la preparaci\u00f3n para el futuro, por medio de una carrera universitaria.<\/p>\n<p>Ante los asistentes, el psic\u00f3logo del DIF Municipal Ezequiel Correa Vega, destac\u00f3 la importancia de contar con motivaciones intr\u00ednsecas y extr\u00ednsecas, siendo las primeras dependientes autosatisfacci\u00f3n individual, mientras que las segundas resultan de un entorno social capaz de recompensar las buenas conductas y acciones\u00a0laborales.<\/p>\n<p><a  href=\"https:\/\/enconecte.com\/wp-content\/uploads\/2024\/06\/Imagen-de-WhatsApp-2024-05-22-a-las-12.17.41_61ddbe0d.jpg\" data-rel=\"lightbox-gallery-0\" data-rl_title=\"\" data-rl_caption=\"\" title=\"\"><img loading=\"lazy\" decoding=\"async\" class=\"alignnone size-full wp-image-23800\" src=\"https:\/\/enconecte.com\/wp-content\/uploads\/2024\/06\/Imagen-de-WhatsApp-2024-05-22-a-las-12.17.41_61ddbe0d.jpg\" alt=\"\" width=\"1600\" height=\"1063\" srcset=\"https:\/\/enconecte.com\/wp-content\/uploads\/2024\/06\/Imagen-de-WhatsApp-2024-05-22-a-las-12.17.41_61ddbe0d.jpg 1600w, https:\/\/enconecte.com\/wp-content\/uploads\/2024\/06\/Imagen-de-WhatsApp-2024-05-22-a-las-12.17.41_61ddbe0d-300x199.jpg 300w, https:\/\/enconecte.com\/wp-content\/uploads\/2024\/06\/Imagen-de-WhatsApp-2024-05-22-a-las-12.17.41_61ddbe0d-1024x680.jpg 1024w, https:\/\/enconecte.com\/wp-content\/uploads\/2024\/06\/Imagen-de-WhatsApp-2024-05-22-a-las-12.17.41_61ddbe0d-768x510.jpg 768w, https:\/\/enconecte.com\/wp-content\/uploads\/2024\/06\/Imagen-de-WhatsApp-2024-05-22-a-las-12.17.41_61ddbe0d-1536x1020.jpg 1536w\" sizes=\"auto, (max-width: 1600px) 100vw, 1600px\" \/><\/a><\/p>\n","protected":false},"excerpt":{"rendered":"<p>El DIF Jerez contin\u00faa otorgando a las escuelas y sus alumnos herramientas para el mejor aprovechamiento acad\u00e9mico, por lo que brind\u00f3 al Instituto Tecnol\u00f3gico Superior de Jerez (ITSJ) la conferencia \u201cMotivaci\u00f3n personal y sentido de vida\u201d. Dentro de la Semana Tecnol\u00f3gica Acad\u00e9mica, Cultural y Deportiva del ITSJ, el DIF Jerez se hizo presente por medio [&hellip;]<\/p>\n","protected":false},"author":9,"featured_media":23799,"comment_status":"closed","ping_status":"closed","sticky":false,"template":"","format":"standard","meta":{"footnotes":""},"categories":[1370],"tags":[],"class_list":["post-23798","post","type-post","status-publish","format-standard","has-post-thumbnail","hentry","category-jerez"],"_links":{"self":[{"href":"https:\/\/enconecte.com\/index.php?rest_route=\/wp\/v2\/posts\/23798","targetHints":{"allow":["GET"]}}],"collection":[{"href":"https:\/\/enconecte.com\/index.php?rest_route=\/wp\/v2\/posts"}],"about":[{"href":"https:\/\/enconecte.com\/index.php?rest_route=\/wp\/v2\/types\/post"}],"author":[{"embeddable":true,"href":"https:\/\/enconecte.com\/index.php?rest_route=\/wp\/v2\/users\/9"}],"replies":[{"embeddable":true,"href":"https:\/\/enconecte.com\/index.php?rest_route=%2Fwp%2Fv2%2Fcomments&post=23798"}],"version-history":[{"count":0,"href":"https:\/\/enconecte.com\/index.php?rest_route=\/wp\/v2\/posts\/23798\/revisions"}],"wp:featuredmedia":[{"embeddable":true,"href":"https:\/\/enconecte.com\/index.php?rest_route=\/wp\/v2\/media\/23799"}],"wp:attachment":[{"href":"https:\/\/enconecte.com\/index.php?rest_route=%2Fwp%2Fv2%2Fmedia&parent=23798"}],"wp:term":[{"taxonomy":"category","embeddable":true,"href":"https:\/\/enconecte.com\/index.php?rest_route=%2Fwp%2Fv2%2Fcategories&post=23798"},{"taxonomy":"post_tag","embeddable":true,"href":"https:\/\/enconecte.com\/index.php?rest_route=%2Fwp%2Fv2%2Ftags&post=23798"}],"curies":[{"name":"wp","href":"https:\/\/api.w.org\/{rel}","templated":true}]}}