{"id":23768,"date":"2024-05-03T12:25:20","date_gmt":"2024-05-03T18:25:20","guid":{"rendered":"https:\/\/enconecte.com\/?p=23768"},"modified":"2024-05-13T13:25:51","modified_gmt":"2024-05-13T19:25:51","slug":"recuerdan-legado-de-candelario-huizar-a-54-anos-de-su-muerte","status":"publish","type":"post","link":"https:\/\/enconecte.com\/?p=23768","title":{"rendered":"RECUERDAN LEGADO DE CANDELARIO HU\u00cdZAR A 54 A\u00d1OS DE SU MUERTE"},"content":{"rendered":"<p>Jerez conmemora el 54 aniversario luctuoso del m\u00fasico y compositor jerezano Candelario Hu\u00edzar, cuya obra se difundi\u00f3 m\u00e1s all\u00e1 de las fronteras y prevalece en la actualidad.<\/p>\n<p>Con una ofrenda floral y un acto sencillo pero emotivo, se record\u00f3 lo que fue su trayectoria, en la que Candelario Huizar cre\u00f3 sinfon\u00edas y obras musicales de renombre, tales como &#8220;Sinfon\u00eda Cora&#8221;, &#8220;Pueblerinas&#8221;, &#8220;Surco&#8221; y &#8220;Sinfon\u00eda 4&#8221;, entre otras.<\/p>\n<p>Los maestros Luis Enrique Mart\u00ednez Caldera y V\u00edctor Manuel Col\u00f3n Luj\u00e1n honraron la memoria musical de Hu\u00edzar a trav\u00e9s de su m\u00fasica, presentando un acto musical con la interpretaci\u00f3n de melod\u00edas en saxof\u00f3n y guitarra ac\u00fastica.<\/p>\n<p>Este a\u00f1o, las Jornadas Candelario Hu\u00edzar se realizar\u00e1n del 22 al 26 de mayo, bajo la organizaci\u00f3n del Gobierno del Estado, con eventos art\u00edsticos y culturales en Jerez\u00a0y\u00a0Zacatecas.<\/p>\n<p><a  href=\"https:\/\/enconecte.com\/wp-content\/uploads\/2024\/05\/Imagen-de-WhatsApp-2024-05-03-a-las-12.42.26_74b772d0.jpg\" data-rel=\"lightbox-gallery-0\" data-rl_title=\"\" data-rl_caption=\"\" title=\"\"><img loading=\"lazy\" decoding=\"async\" class=\"alignnone size-full wp-image-23770\" src=\"https:\/\/enconecte.com\/wp-content\/uploads\/2024\/05\/Imagen-de-WhatsApp-2024-05-03-a-las-12.42.26_74b772d0.jpg\" alt=\"\" width=\"1599\" height=\"1066\" srcset=\"https:\/\/enconecte.com\/wp-content\/uploads\/2024\/05\/Imagen-de-WhatsApp-2024-05-03-a-las-12.42.26_74b772d0.jpg 1599w, https:\/\/enconecte.com\/wp-content\/uploads\/2024\/05\/Imagen-de-WhatsApp-2024-05-03-a-las-12.42.26_74b772d0-300x200.jpg 300w, https:\/\/enconecte.com\/wp-content\/uploads\/2024\/05\/Imagen-de-WhatsApp-2024-05-03-a-las-12.42.26_74b772d0-1024x683.jpg 1024w, https:\/\/enconecte.com\/wp-content\/uploads\/2024\/05\/Imagen-de-WhatsApp-2024-05-03-a-las-12.42.26_74b772d0-768x512.jpg 768w, https:\/\/enconecte.com\/wp-content\/uploads\/2024\/05\/Imagen-de-WhatsApp-2024-05-03-a-las-12.42.26_74b772d0-1536x1024.jpg 1536w\" sizes=\"auto, (max-width: 1599px) 100vw, 1599px\" \/><\/a><\/p>\n","protected":false},"excerpt":{"rendered":"<p>Jerez conmemora el 54 aniversario luctuoso del m\u00fasico y compositor jerezano Candelario Hu\u00edzar, cuya obra se difundi\u00f3 m\u00e1s all\u00e1 de las fronteras y prevalece en la actualidad. Con una ofrenda floral y un acto sencillo pero emotivo, se record\u00f3 lo que fue su trayectoria, en la que Candelario Huizar cre\u00f3 sinfon\u00edas y obras musicales de [&hellip;]<\/p>\n","protected":false},"author":9,"featured_media":23769,"comment_status":"closed","ping_status":"closed","sticky":false,"template":"","format":"standard","meta":{"footnotes":""},"categories":[1370],"tags":[],"class_list":["post-23768","post","type-post","status-publish","format-standard","has-post-thumbnail","hentry","category-jerez"],"_links":{"self":[{"href":"https:\/\/enconecte.com\/index.php?rest_route=\/wp\/v2\/posts\/23768","targetHints":{"allow":["GET"]}}],"collection":[{"href":"https:\/\/enconecte.com\/index.php?rest_route=\/wp\/v2\/posts"}],"about":[{"href":"https:\/\/enconecte.com\/index.php?rest_route=\/wp\/v2\/types\/post"}],"author":[{"embeddable":true,"href":"https:\/\/enconecte.com\/index.php?rest_route=\/wp\/v2\/users\/9"}],"replies":[{"embeddable":true,"href":"https:\/\/enconecte.com\/index.php?rest_route=%2Fwp%2Fv2%2Fcomments&post=23768"}],"version-history":[{"count":0,"href":"https:\/\/enconecte.com\/index.php?rest_route=\/wp\/v2\/posts\/23768\/revisions"}],"wp:featuredmedia":[{"embeddable":true,"href":"https:\/\/enconecte.com\/index.php?rest_route=\/wp\/v2\/media\/23769"}],"wp:attachment":[{"href":"https:\/\/enconecte.com\/index.php?rest_route=%2Fwp%2Fv2%2Fmedia&parent=23768"}],"wp:term":[{"taxonomy":"category","embeddable":true,"href":"https:\/\/enconecte.com\/index.php?rest_route=%2Fwp%2Fv2%2Fcategories&post=23768"},{"taxonomy":"post_tag","embeddable":true,"href":"https:\/\/enconecte.com\/index.php?rest_route=%2Fwp%2Fv2%2Ftags&post=23768"}],"curies":[{"name":"wp","href":"https:\/\/api.w.org\/{rel}","templated":true}]}}