{"id":23696,"date":"2024-04-06T22:39:56","date_gmt":"2024-04-07T04:39:56","guid":{"rendered":"https:\/\/enconecte.com\/?p=23696"},"modified":"2024-04-15T22:40:28","modified_gmt":"2024-04-16T04:40:28","slug":"arranco-el-prestigiado-torneo-de-voleibol-en-la-feria-del-bicentenario","status":"publish","type":"post","link":"https:\/\/enconecte.com\/?p=23696","title":{"rendered":"ARRANC\u00d3 EL PRESTIGIADO TORNEO DE VOLEIBOL, EN LA FERIA DEL BICENTENARIO"},"content":{"rendered":"<p>Inici\u00f3 la fiesta del voleibol en el auditorio de la Unidad Deportiva, con el prestigiado torneo de la Feria de la Primavera, en el marco conmemorativo del bicentenario de una de las m\u00e1s importantes tradiciones en el estado de Zacatecas, en cuyo programa no pod\u00eda faltar un evento de esta naturaleza.<\/p>\n<p>La justa deportiva, congreg\u00f3 a 30 equipos, 15 de la rama femenil y 15 de la varonil, que iniciaron su participaci\u00f3n en las dos canchas del auditorio y las que se encuentran al aire libre en la propia unidad deportiva; para darle mayor participaci\u00f3n y oportunidad a todos, se dividi\u00f3 a los participantes en grupos y los mejores de cada uno, avanzar\u00e1n a la semifinales y finales.<\/p>\n<p>Este torneo re\u00fane a varios de los m\u00e1s destacados jugadores del pa\u00eds, provenientes de Aguascalientes, Guanajuato, San Luis Potos\u00ed, Jalisco, dispersos en varios equipos; est\u00e1 presente el representativo de la Universidad Aut\u00f3noma de Chihuahua (UACH), campeones de la edici\u00f3n anterior, el equipo de Encarnaci\u00f3n de D\u00edaz, \u201cLa Chona\u201d, Jalisco, as\u00ed como de Jalpa, Guadalupe, Calera y varios locales.<\/p>\n<p>En lo que respecta a la rama femenil, aparecen las \u201cMaetas\u201d, como campeonas defensoras, la Reta, Jalpa, Juchipila, Jerez, Fresnillo, Las Plateadas, Guerreras, entre otras.<\/p>\n<p><a  href=\"https:\/\/enconecte.com\/wp-content\/uploads\/2024\/04\/WhatsApp-Image-2024-04-06-at-4.24.12-PM-1.jpeg\" data-rel=\"lightbox-gallery-0\" data-rl_title=\"\" data-rl_caption=\"\" title=\"\"><img loading=\"lazy\" decoding=\"async\" class=\"alignnone size-full wp-image-23694\" src=\"https:\/\/enconecte.com\/wp-content\/uploads\/2024\/04\/WhatsApp-Image-2024-04-06-at-4.24.12-PM-1.jpeg\" alt=\"\" width=\"1200\" height=\"800\" srcset=\"https:\/\/enconecte.com\/wp-content\/uploads\/2024\/04\/WhatsApp-Image-2024-04-06-at-4.24.12-PM-1.jpeg 1200w, https:\/\/enconecte.com\/wp-content\/uploads\/2024\/04\/WhatsApp-Image-2024-04-06-at-4.24.12-PM-1-300x200.jpeg 300w, https:\/\/enconecte.com\/wp-content\/uploads\/2024\/04\/WhatsApp-Image-2024-04-06-at-4.24.12-PM-1-1024x683.jpeg 1024w, https:\/\/enconecte.com\/wp-content\/uploads\/2024\/04\/WhatsApp-Image-2024-04-06-at-4.24.12-PM-1-768x512.jpeg 768w\" sizes=\"auto, (max-width: 1200px) 100vw, 1200px\" \/><\/a><\/p>\n<p>Durante a jornada del s\u00e1bado se program\u00f3 la etapa eliminatoria en fase de grupos y el domingo a partir de las 10 de la ma\u00f1ana, se desarrollar\u00e1n las semifinales, al mediod\u00eda los encuentros por el tercer lugar y a partir de las 13:00 horas las finales.<\/p>\n<p>La organizaci\u00f3n de este torneo est\u00e1 a cargo de la Liga Municipal y la Coordinaci\u00f3n de Deportes en el Comit\u00e9 de la Feria de la Primavera. Se destin\u00f3 una bolsa de 40 mil pesos en premios, 20 mi para la femenil y la misma cantidad para varonil, cifras a repartir entre los primeros y segundos lugares.<\/p>\n","protected":false},"excerpt":{"rendered":"<p>Inici\u00f3 la fiesta del voleibol en el auditorio de la Unidad Deportiva, con el prestigiado torneo de la Feria de la Primavera, en el marco conmemorativo del bicentenario de una de las m\u00e1s importantes tradiciones en el estado de Zacatecas, en cuyo programa no pod\u00eda faltar un evento de esta naturaleza. La justa deportiva, congreg\u00f3 [&hellip;]<\/p>\n","protected":false},"author":9,"featured_media":23695,"comment_status":"closed","ping_status":"closed","sticky":false,"template":"","format":"standard","meta":{"footnotes":""},"categories":[2175,1370],"tags":[],"class_list":["post-23696","post","type-post","status-publish","format-standard","has-post-thumbnail","hentry","category-feria-jerez","category-jerez"],"_links":{"self":[{"href":"https:\/\/enconecte.com\/index.php?rest_route=\/wp\/v2\/posts\/23696","targetHints":{"allow":["GET"]}}],"collection":[{"href":"https:\/\/enconecte.com\/index.php?rest_route=\/wp\/v2\/posts"}],"about":[{"href":"https:\/\/enconecte.com\/index.php?rest_route=\/wp\/v2\/types\/post"}],"author":[{"embeddable":true,"href":"https:\/\/enconecte.com\/index.php?rest_route=\/wp\/v2\/users\/9"}],"replies":[{"embeddable":true,"href":"https:\/\/enconecte.com\/index.php?rest_route=%2Fwp%2Fv2%2Fcomments&post=23696"}],"version-history":[{"count":0,"href":"https:\/\/enconecte.com\/index.php?rest_route=\/wp\/v2\/posts\/23696\/revisions"}],"wp:featuredmedia":[{"embeddable":true,"href":"https:\/\/enconecte.com\/index.php?rest_route=\/wp\/v2\/media\/23695"}],"wp:attachment":[{"href":"https:\/\/enconecte.com\/index.php?rest_route=%2Fwp%2Fv2%2Fmedia&parent=23696"}],"wp:term":[{"taxonomy":"category","embeddable":true,"href":"https:\/\/enconecte.com\/index.php?rest_route=%2Fwp%2Fv2%2Fcategories&post=23696"},{"taxonomy":"post_tag","embeddable":true,"href":"https:\/\/enconecte.com\/index.php?rest_route=%2Fwp%2Fv2%2Ftags&post=23696"}],"curies":[{"name":"wp","href":"https:\/\/api.w.org\/{rel}","templated":true}]}}