{"id":23676,"date":"2024-04-05T19:51:41","date_gmt":"2024-04-06T01:51:41","guid":{"rendered":"https:\/\/enconecte.com\/?p=23676"},"modified":"2024-04-15T19:52:23","modified_gmt":"2024-04-16T01:52:23","slug":"festival-taurino-en-la-feria-de-la-primavera-jerez-2024","status":"publish","type":"post","link":"https:\/\/enconecte.com\/?p=23676","title":{"rendered":"FESTIVAL TAURINO EN LA FERIA DE LA PRIMAVERA JEREZ 2024"},"content":{"rendered":"<p>Tarde de toros con Festival Taurino en la plaza La Jerezana, donde ocho aficionados pr\u00e1cticos partieron plaza para enfrentar ocho ejemplares provenientes de La Cardona de Guadiana. En general, los toros mostraron buena calidad en la embestida y se prestaron para el lucimiento tanto en el capote como en la muleta. Seis de los participantes salieron con oreja, y todos fueron premiados con palmas del p\u00fablico que se dio cita en el coso jerezano.<\/p>\n<p>Conformaron el cartel: Jim\u00e9nez Morales, de Sevilla, Espa\u00f1a; Eder Escamilla, de la Ciudad de M\u00e9xico; Charro Mart\u00ednez, de Saltillo, Coahuila; Morales L\u00f3pez, tambi\u00e9n de Saltillo; Luis Sol y Alberto Contreras, de la Ciudad de M\u00e9xico; Ricardo Galindo, de Saltillo; y Jonathan Ch\u00e1vez, de San Luis Potos\u00ed. Todos saltaron con decisi\u00f3n al ruedo para ofrecer lo mejor de su preparaci\u00f3n como aficionados pr\u00e1cticos en la tauromaquia.<\/p>\n<p><a  href=\"https:\/\/enconecte.com\/wp-content\/uploads\/2024\/04\/WhatsApp-Image-2024-04-05-at-1.28.49-PM.jpeg\" data-rel=\"lightbox-gallery-0\" data-rl_title=\"\" data-rl_caption=\"\" title=\"\"><img loading=\"lazy\" decoding=\"async\" class=\"alignnone size-full wp-image-23678\" src=\"https:\/\/enconecte.com\/wp-content\/uploads\/2024\/04\/WhatsApp-Image-2024-04-05-at-1.28.49-PM.jpeg\" alt=\"\" width=\"1200\" height=\"800\" srcset=\"https:\/\/enconecte.com\/wp-content\/uploads\/2024\/04\/WhatsApp-Image-2024-04-05-at-1.28.49-PM.jpeg 1200w, https:\/\/enconecte.com\/wp-content\/uploads\/2024\/04\/WhatsApp-Image-2024-04-05-at-1.28.49-PM-300x200.jpeg 300w, https:\/\/enconecte.com\/wp-content\/uploads\/2024\/04\/WhatsApp-Image-2024-04-05-at-1.28.49-PM-1024x683.jpeg 1024w, https:\/\/enconecte.com\/wp-content\/uploads\/2024\/04\/WhatsApp-Image-2024-04-05-at-1.28.49-PM-768x512.jpeg 768w\" sizes=\"auto, (max-width: 1200px) 100vw, 1200px\" \/><\/a><\/p>\n","protected":false},"excerpt":{"rendered":"<p>Tarde de toros con Festival Taurino en la plaza La Jerezana, donde ocho aficionados pr\u00e1cticos partieron plaza para enfrentar ocho ejemplares provenientes de La Cardona de Guadiana. En general, los toros mostraron buena calidad en la embestida y se prestaron para el lucimiento tanto en el capote como en la muleta. Seis de los participantes [&hellip;]<\/p>\n","protected":false},"author":9,"featured_media":23677,"comment_status":"closed","ping_status":"closed","sticky":false,"template":"","format":"standard","meta":{"footnotes":""},"categories":[2175,1370],"tags":[],"class_list":["post-23676","post","type-post","status-publish","format-standard","has-post-thumbnail","hentry","category-feria-jerez","category-jerez"],"_links":{"self":[{"href":"https:\/\/enconecte.com\/index.php?rest_route=\/wp\/v2\/posts\/23676","targetHints":{"allow":["GET"]}}],"collection":[{"href":"https:\/\/enconecte.com\/index.php?rest_route=\/wp\/v2\/posts"}],"about":[{"href":"https:\/\/enconecte.com\/index.php?rest_route=\/wp\/v2\/types\/post"}],"author":[{"embeddable":true,"href":"https:\/\/enconecte.com\/index.php?rest_route=\/wp\/v2\/users\/9"}],"replies":[{"embeddable":true,"href":"https:\/\/enconecte.com\/index.php?rest_route=%2Fwp%2Fv2%2Fcomments&post=23676"}],"version-history":[{"count":0,"href":"https:\/\/enconecte.com\/index.php?rest_route=\/wp\/v2\/posts\/23676\/revisions"}],"wp:featuredmedia":[{"embeddable":true,"href":"https:\/\/enconecte.com\/index.php?rest_route=\/wp\/v2\/media\/23677"}],"wp:attachment":[{"href":"https:\/\/enconecte.com\/index.php?rest_route=%2Fwp%2Fv2%2Fmedia&parent=23676"}],"wp:term":[{"taxonomy":"category","embeddable":true,"href":"https:\/\/enconecte.com\/index.php?rest_route=%2Fwp%2Fv2%2Fcategories&post=23676"},{"taxonomy":"post_tag","embeddable":true,"href":"https:\/\/enconecte.com\/index.php?rest_route=%2Fwp%2Fv2%2Ftags&post=23676"}],"curies":[{"name":"wp","href":"https:\/\/api.w.org\/{rel}","templated":true}]}}