{"id":23670,"date":"2024-04-05T19:41:58","date_gmt":"2024-04-06T01:41:58","guid":{"rendered":"https:\/\/enconecte.com\/?p=23670"},"modified":"2024-04-15T19:42:19","modified_gmt":"2024-04-16T01:42:19","slug":"carcajcadas-y-buen-humor-en-el-foro-bicentenario-con-carlos-donald-y-el-payaso-rolando","status":"publish","type":"post","link":"https:\/\/enconecte.com\/?p=23670","title":{"rendered":"CARCAJCADAS Y BUEN HUMOR EN EL FORO BICENTENARIO CON CARLOS DONALD Y EL PAYASO ROLANDO"},"content":{"rendered":"<p>El p\u00fablico jerezano ha podido disfrutar de la diversidad en los espect\u00e1culos que se presentan en el Foro Cultural Bicentenario, como parte de la Feria de la primavera Jerez en su edici\u00f3n del 200 aniversario y este jueves no fue la excepci\u00f3n, con doble programaci\u00f3n llena de carcajadas y buen humor, a cargo del comediante Carlos Donald y la actuaci\u00f3n del payaso Rolando, de Zacatecas.<\/p>\n<p>Con su atuendo multicolor, sus zapatos grandes, peluca color zanahoria y nariz roja, el Payaso Rolando, tuvo a su cargo la apertura del programa, mediante divertidos sketch preparados con antelaci\u00f3n, pero adem\u00e1s dando paso a la improvisaci\u00f3n, incluyendo la tem\u00e1tica de Jerez y sus tradiciones; se dio adem\u00e1s una frecuente interacci\u00f3n con el p\u00fablico, en el desarrollo de su espect\u00e1culo y durante una hora, hizo re\u00edr a quienes se dieron cita en el foro.<\/p>\n<p>El imitador Carlos Donald, recre\u00f3 a personajes como Los Polivoces y, caracterizado de Eduardo Manzano, imit\u00f3 en voz al cantante espa\u00f1ol Raphael; posteriormente trajo al escenario mediante la imitaci\u00f3n, a Vicente Fern\u00e1ndez, Jos\u00e9 Alfredo Jim\u00e9nez, Jorge Negrete, Pedro Infante, Antonio Aguilar, Pedro Fern\u00e1ndez y Juan Gabriel, intercalando estas intervenciones musicales, con sainetes c\u00f3micos a cargo de su equipo de actores de comedia.<\/p>\n<p>La coordinaci\u00f3n cultural del comit\u00e9 de Feria, encargada del Foro Bicentenario, entreg\u00f3 reconocimiento de participaci\u00f3n a ambos artistas que, por m\u00e1s de dos horas, mantuvieron al p\u00fablico en sus asientos, con la risa como instrumento principal.<\/p>\n<p><a  href=\"https:\/\/enconecte.com\/wp-content\/uploads\/2024\/04\/WhatsApp-Image-2024-04-05-at-1.06.09-AM.jpeg\" data-rel=\"lightbox-gallery-0\" data-rl_title=\"\" data-rl_caption=\"\" title=\"\"><img loading=\"lazy\" decoding=\"async\" class=\"alignnone size-full wp-image-23672\" src=\"https:\/\/enconecte.com\/wp-content\/uploads\/2024\/04\/WhatsApp-Image-2024-04-05-at-1.06.09-AM.jpeg\" alt=\"\" width=\"1600\" height=\"1066\" srcset=\"https:\/\/enconecte.com\/wp-content\/uploads\/2024\/04\/WhatsApp-Image-2024-04-05-at-1.06.09-AM.jpeg 1600w, https:\/\/enconecte.com\/wp-content\/uploads\/2024\/04\/WhatsApp-Image-2024-04-05-at-1.06.09-AM-300x200.jpeg 300w, https:\/\/enconecte.com\/wp-content\/uploads\/2024\/04\/WhatsApp-Image-2024-04-05-at-1.06.09-AM-1024x682.jpeg 1024w, https:\/\/enconecte.com\/wp-content\/uploads\/2024\/04\/WhatsApp-Image-2024-04-05-at-1.06.09-AM-768x512.jpeg 768w, https:\/\/enconecte.com\/wp-content\/uploads\/2024\/04\/WhatsApp-Image-2024-04-05-at-1.06.09-AM-1536x1023.jpeg 1536w\" sizes=\"auto, (max-width: 1600px) 100vw, 1600px\" \/><\/a><\/p>\n","protected":false},"excerpt":{"rendered":"<p>El p\u00fablico jerezano ha podido disfrutar de la diversidad en los espect\u00e1culos que se presentan en el Foro Cultural Bicentenario, como parte de la Feria de la primavera Jerez en su edici\u00f3n del 200 aniversario y este jueves no fue la excepci\u00f3n, con doble programaci\u00f3n llena de carcajadas y buen humor, a cargo del comediante [&hellip;]<\/p>\n","protected":false},"author":9,"featured_media":23671,"comment_status":"closed","ping_status":"closed","sticky":false,"template":"","format":"standard","meta":{"footnotes":""},"categories":[2175,1370],"tags":[],"class_list":["post-23670","post","type-post","status-publish","format-standard","has-post-thumbnail","hentry","category-feria-jerez","category-jerez"],"_links":{"self":[{"href":"https:\/\/enconecte.com\/index.php?rest_route=\/wp\/v2\/posts\/23670","targetHints":{"allow":["GET"]}}],"collection":[{"href":"https:\/\/enconecte.com\/index.php?rest_route=\/wp\/v2\/posts"}],"about":[{"href":"https:\/\/enconecte.com\/index.php?rest_route=\/wp\/v2\/types\/post"}],"author":[{"embeddable":true,"href":"https:\/\/enconecte.com\/index.php?rest_route=\/wp\/v2\/users\/9"}],"replies":[{"embeddable":true,"href":"https:\/\/enconecte.com\/index.php?rest_route=%2Fwp%2Fv2%2Fcomments&post=23670"}],"version-history":[{"count":0,"href":"https:\/\/enconecte.com\/index.php?rest_route=\/wp\/v2\/posts\/23670\/revisions"}],"wp:featuredmedia":[{"embeddable":true,"href":"https:\/\/enconecte.com\/index.php?rest_route=\/wp\/v2\/media\/23671"}],"wp:attachment":[{"href":"https:\/\/enconecte.com\/index.php?rest_route=%2Fwp%2Fv2%2Fmedia&parent=23670"}],"wp:term":[{"taxonomy":"category","embeddable":true,"href":"https:\/\/enconecte.com\/index.php?rest_route=%2Fwp%2Fv2%2Fcategories&post=23670"},{"taxonomy":"post_tag","embeddable":true,"href":"https:\/\/enconecte.com\/index.php?rest_route=%2Fwp%2Fv2%2Ftags&post=23670"}],"curies":[{"name":"wp","href":"https:\/\/api.w.org\/{rel}","templated":true}]}}