{"id":23664,"date":"2024-04-04T19:38:32","date_gmt":"2024-04-05T01:38:32","guid":{"rendered":"https:\/\/enconecte.com\/?p=23664"},"modified":"2024-04-15T19:40:24","modified_gmt":"2024-04-16T01:40:24","slug":"reconocen-a-productores-partipantes-de-la-expo-ganadera-jerez-2024","status":"publish","type":"post","link":"https:\/\/enconecte.com\/?p=23664","title":{"rendered":"RECONOCEN A PRODUCTORES PARTIPANTES DE LA EXPO GANADERA JEREZ 2024"},"content":{"rendered":"<p>Se llev\u00f3 a cabo la tradicional comida de los expositores ganaderos y productores de razas puras , en el marco de actividades de la Feria de Primavera Jerez 2024.<\/p>\n<p>De esta forma se dio continuidad a una las tradiciones feriales enfocada al sector agropecuario, reconociendo a quienes participaron en la expo ganadera Jerez 2024.<\/p>\n<p>Se entreg\u00f3 reconocimiento a los hermanos Luj\u00e1n Casas, Carlos Rom\u00e1n Galicia , Adri\u00e1n Villagrana y hermanos Ibarra de la Torre, que participan como expositores de ganado ovino.<\/p>\n<p>Tambi\u00e9n se destac\u00f3 la trayectoria de productores de razas puras en el municipio como son Adolfo Guti\u00e9rrez Z\u00fa\u00f1iga, Rub\u00e9n de la Torre Mu\u00f1oz, Julio Alcalde F\u00e9lix, Jes\u00fas Correa Berumen, Benito Ju\u00e1rez Garc\u00eda, Alfredo Torres y Javier J\u00e1uregui, en reconocimiento a sus trayectorias.<\/p>\n<p>Entre los expositores de bovinos que recibieron reconocimiento se encuentran Miguel Gonz\u00e1lez Valdez, Nicol\u00e1s D\u00e1vila Salcedo, Jos\u00e9 Luis Luna Ayala, Jos\u00e9 Manuel Luna Renter\u00eda, Eduardo Landeros, Javier Mu\u00f1oz, Alfredo Bugarin y Antonio Tejada Mier.<\/p>\n<p>A\u00fan se exhiben los ejemplares de ganado proveniente de Tepechitl\u00e1n, Tlaltenango, Fresnillo y por supuesto Jerez.<\/p>\n<p><a  href=\"https:\/\/enconecte.com\/wp-content\/uploads\/2024\/04\/WhatsApp-Image-2024-04-04-at-6.16.44-PM.jpeg\" data-rel=\"lightbox-gallery-0\" data-rl_title=\"\" data-rl_caption=\"\" title=\"\"><img loading=\"lazy\" decoding=\"async\" class=\"alignnone size-full wp-image-23665\" src=\"https:\/\/enconecte.com\/wp-content\/uploads\/2024\/04\/WhatsApp-Image-2024-04-04-at-6.16.44-PM.jpeg\" alt=\"\" width=\"1600\" height=\"1066\" srcset=\"https:\/\/enconecte.com\/wp-content\/uploads\/2024\/04\/WhatsApp-Image-2024-04-04-at-6.16.44-PM.jpeg 1600w, https:\/\/enconecte.com\/wp-content\/uploads\/2024\/04\/WhatsApp-Image-2024-04-04-at-6.16.44-PM-300x200.jpeg 300w, https:\/\/enconecte.com\/wp-content\/uploads\/2024\/04\/WhatsApp-Image-2024-04-04-at-6.16.44-PM-1024x682.jpeg 1024w, https:\/\/enconecte.com\/wp-content\/uploads\/2024\/04\/WhatsApp-Image-2024-04-04-at-6.16.44-PM-768x512.jpeg 768w, https:\/\/enconecte.com\/wp-content\/uploads\/2024\/04\/WhatsApp-Image-2024-04-04-at-6.16.44-PM-1536x1023.jpeg 1536w\" sizes=\"auto, (max-width: 1600px) 100vw, 1600px\" \/><\/a><\/p>\n","protected":false},"excerpt":{"rendered":"<p>Se llev\u00f3 a cabo la tradicional comida de los expositores ganaderos y productores de razas puras , en el marco de actividades de la Feria de Primavera Jerez 2024. De esta forma se dio continuidad a una las tradiciones feriales enfocada al sector agropecuario, reconociendo a quienes participaron en la expo ganadera Jerez 2024. Se [&hellip;]<\/p>\n","protected":false},"author":9,"featured_media":23666,"comment_status":"closed","ping_status":"closed","sticky":false,"template":"","format":"standard","meta":{"footnotes":""},"categories":[2175,1370],"tags":[],"class_list":["post-23664","post","type-post","status-publish","format-standard","has-post-thumbnail","hentry","category-feria-jerez","category-jerez"],"_links":{"self":[{"href":"https:\/\/enconecte.com\/index.php?rest_route=\/wp\/v2\/posts\/23664","targetHints":{"allow":["GET"]}}],"collection":[{"href":"https:\/\/enconecte.com\/index.php?rest_route=\/wp\/v2\/posts"}],"about":[{"href":"https:\/\/enconecte.com\/index.php?rest_route=\/wp\/v2\/types\/post"}],"author":[{"embeddable":true,"href":"https:\/\/enconecte.com\/index.php?rest_route=\/wp\/v2\/users\/9"}],"replies":[{"embeddable":true,"href":"https:\/\/enconecte.com\/index.php?rest_route=%2Fwp%2Fv2%2Fcomments&post=23664"}],"version-history":[{"count":0,"href":"https:\/\/enconecte.com\/index.php?rest_route=\/wp\/v2\/posts\/23664\/revisions"}],"wp:featuredmedia":[{"embeddable":true,"href":"https:\/\/enconecte.com\/index.php?rest_route=\/wp\/v2\/media\/23666"}],"wp:attachment":[{"href":"https:\/\/enconecte.com\/index.php?rest_route=%2Fwp%2Fv2%2Fmedia&parent=23664"}],"wp:term":[{"taxonomy":"category","embeddable":true,"href":"https:\/\/enconecte.com\/index.php?rest_route=%2Fwp%2Fv2%2Fcategories&post=23664"},{"taxonomy":"post_tag","embeddable":true,"href":"https:\/\/enconecte.com\/index.php?rest_route=%2Fwp%2Fv2%2Ftags&post=23664"}],"curies":[{"name":"wp","href":"https:\/\/api.w.org\/{rel}","templated":true}]}}