{"id":23661,"date":"2024-04-04T19:37:49","date_gmt":"2024-04-05T01:37:49","guid":{"rendered":"https:\/\/enconecte.com\/?p=23661"},"modified":"2024-04-15T19:38:27","modified_gmt":"2024-04-16T01:38:27","slug":"gran-expoventa-de-arracadas-jerezanas-y-joyas-en-plata","status":"publish","type":"post","link":"https:\/\/enconecte.com\/?p=23661","title":{"rendered":"GRAN EXPOVENTA DE ARRACADAS JEREZANAS Y JOYAS EN PLATA"},"content":{"rendered":"<p>Inicia la expoventa de arracadas y joyer\u00eda de plata en el exterior del jard\u00edn Rafael P\u00e1ez, frente al portal Inguanzo, donde Maestros artesanos expertos en joyer\u00eda y ganadores de importantes premios, se integran al programa de los 200 a\u00f1os de la Feria de Primavera.<\/p>\n<p>En cuatro stands exhiben hermosas piezas de plata, con varios dise\u00f1os, tanto en aretes como gargantillas, dijes, pulseras, entre muchas otras que son tradicionales, pero principalmente y en variedad de tama\u00f1os, la tradicional arracada jerezana.<\/p>\n<p>La expoventa durar\u00e1 del 4 al 7 de abril, participando Ricardo Trujillo, Jorge Cabral, Osvaldo Torres, Hugo Ju\u00e1rez, ganador del XII Concurso estatal de arte popular 2023, con la arracada de plata en filigrana granulado y Alfredo P\u00e9rez, quien fue acreedor al Gran Premio Nacional de Arte Popular con su propio dise\u00f1o en la arracada jerezana.<\/p>\n<p>Con precios accesibles y la venta de piezas \u00fanicas e innovadoras en sus dise\u00f1os, los joyeros pretenden compartir con la poblaci\u00f3n y visitantes, algunas de sus creaciones elaboradas manualmente.<\/p>\n<p><a  href=\"https:\/\/enconecte.com\/wp-content\/uploads\/2024\/04\/WhatsApp-Image-2024-04-04-at-2.49.06-PM-1.jpeg\" data-rel=\"lightbox-gallery-0\" data-rl_title=\"\" data-rl_caption=\"\" title=\"\"><img loading=\"lazy\" decoding=\"async\" class=\"alignnone size-full wp-image-23663\" src=\"https:\/\/enconecte.com\/wp-content\/uploads\/2024\/04\/WhatsApp-Image-2024-04-04-at-2.49.06-PM-1.jpeg\" alt=\"\" width=\"1600\" height=\"1066\" srcset=\"https:\/\/enconecte.com\/wp-content\/uploads\/2024\/04\/WhatsApp-Image-2024-04-04-at-2.49.06-PM-1.jpeg 1600w, https:\/\/enconecte.com\/wp-content\/uploads\/2024\/04\/WhatsApp-Image-2024-04-04-at-2.49.06-PM-1-300x200.jpeg 300w, https:\/\/enconecte.com\/wp-content\/uploads\/2024\/04\/WhatsApp-Image-2024-04-04-at-2.49.06-PM-1-1024x682.jpeg 1024w, https:\/\/enconecte.com\/wp-content\/uploads\/2024\/04\/WhatsApp-Image-2024-04-04-at-2.49.06-PM-1-768x512.jpeg 768w, https:\/\/enconecte.com\/wp-content\/uploads\/2024\/04\/WhatsApp-Image-2024-04-04-at-2.49.06-PM-1-1536x1023.jpeg 1536w\" sizes=\"auto, (max-width: 1600px) 100vw, 1600px\" \/><\/a><\/p>\n","protected":false},"excerpt":{"rendered":"<p>Inicia la expoventa de arracadas y joyer\u00eda de plata en el exterior del jard\u00edn Rafael P\u00e1ez, frente al portal Inguanzo, donde Maestros artesanos expertos en joyer\u00eda y ganadores de importantes premios, se integran al programa de los 200 a\u00f1os de la Feria de Primavera. En cuatro stands exhiben hermosas piezas de plata, con varios dise\u00f1os, [&hellip;]<\/p>\n","protected":false},"author":9,"featured_media":23662,"comment_status":"closed","ping_status":"closed","sticky":false,"template":"","format":"standard","meta":{"footnotes":""},"categories":[2175,1370],"tags":[],"class_list":["post-23661","post","type-post","status-publish","format-standard","has-post-thumbnail","hentry","category-feria-jerez","category-jerez"],"_links":{"self":[{"href":"https:\/\/enconecte.com\/index.php?rest_route=\/wp\/v2\/posts\/23661","targetHints":{"allow":["GET"]}}],"collection":[{"href":"https:\/\/enconecte.com\/index.php?rest_route=\/wp\/v2\/posts"}],"about":[{"href":"https:\/\/enconecte.com\/index.php?rest_route=\/wp\/v2\/types\/post"}],"author":[{"embeddable":true,"href":"https:\/\/enconecte.com\/index.php?rest_route=\/wp\/v2\/users\/9"}],"replies":[{"embeddable":true,"href":"https:\/\/enconecte.com\/index.php?rest_route=%2Fwp%2Fv2%2Fcomments&post=23661"}],"version-history":[{"count":0,"href":"https:\/\/enconecte.com\/index.php?rest_route=\/wp\/v2\/posts\/23661\/revisions"}],"wp:featuredmedia":[{"embeddable":true,"href":"https:\/\/enconecte.com\/index.php?rest_route=\/wp\/v2\/media\/23662"}],"wp:attachment":[{"href":"https:\/\/enconecte.com\/index.php?rest_route=%2Fwp%2Fv2%2Fmedia&parent=23661"}],"wp:term":[{"taxonomy":"category","embeddable":true,"href":"https:\/\/enconecte.com\/index.php?rest_route=%2Fwp%2Fv2%2Fcategories&post=23661"},{"taxonomy":"post_tag","embeddable":true,"href":"https:\/\/enconecte.com\/index.php?rest_route=%2Fwp%2Fv2%2Ftags&post=23661"}],"curies":[{"name":"wp","href":"https:\/\/api.w.org\/{rel}","templated":true}]}}