{"id":23643,"date":"2024-04-03T19:27:54","date_gmt":"2024-04-04T01:27:54","guid":{"rendered":"https:\/\/enconecte.com\/?p=23643"},"modified":"2024-04-15T19:28:23","modified_gmt":"2024-04-16T01:28:23","slug":"luis-angel-el-flaco-canta-sus-exitos-en-el-bicentenario-de-la-feria","status":"publish","type":"post","link":"https:\/\/enconecte.com\/?p=23643","title":{"rendered":"LUIS \u00c1NGEL &#8220;EL FLACO&#8221; CANTA SUS \u00c9XITOS EN EL BICENTENARIO DE LA FERIA"},"content":{"rendered":"<p>La explanada de la Feria de Primavera Jerez 2024 en su 200 aniversario, reson\u00f3 con la m\u00fasica de banda y la presencia de Luis \u00c1ngel &#8220;El Flaco&#8221;, que celebra tambi\u00e9n 25 a\u00f1os de carrera art\u00edstica.<\/p>\n<p>Termin\u00f3 la espera de su presentaci\u00f3n comenzando la fiesta al ritmo de su m\u00fasica y la iluminaci\u00f3n de pirotecnia, seguido de &#8220;acabame de matar&#8221; , &#8220;deja&#8221;, &#8220;mi mayor anhelo&#8221; &#8220;Micaela&#8221; &#8220;la chona&#8221; y muchas m\u00e1s.<\/p>\n<p>Euforia, emociones y baile provoc\u00f3 el sinaloense ex vocalista de Los Recoditos, desde el escenario y la interpretaci\u00f3n de &#8220;El que te amo&#8221; , &#8220;No le hago falta&#8221;, &#8220;Y si se quiere ir&#8221; y de su m\u00e1s reciente producci\u00f3n &#8220;hasta el \u00faltimo momento&#8221;<\/p>\n<p>Una gran voz y presencia hizo lucir a Luis \u00c1ngel El Flaco en su primer presentaci\u00f3n como solista en Jerez, que fue ovacionada y coreada por el p\u00fablico en la letra de las canciones que le dieron fama y \u00e9xitos del g\u00e9nero regional mexicano.<\/p>\n<p>Los talentos locales Cristian de Haro y Eduardo y su Mismo Estilo, antecedieron a Luis \u00c1ngel, ambientando a los presentes al comenzar la noche.<\/p>\n<p><a  href=\"https:\/\/enconecte.com\/wp-content\/uploads\/2024\/04\/WhatsApp-Image-2024-04-03-at-1.00.19-AM-1.jpeg\" data-rel=\"lightbox-gallery-0\" data-rl_title=\"\" data-rl_caption=\"\" title=\"\"><img loading=\"lazy\" decoding=\"async\" class=\"alignnone size-full wp-image-23644\" src=\"https:\/\/enconecte.com\/wp-content\/uploads\/2024\/04\/WhatsApp-Image-2024-04-03-at-1.00.19-AM-1.jpeg\" alt=\"\" width=\"1200\" height=\"800\" srcset=\"https:\/\/enconecte.com\/wp-content\/uploads\/2024\/04\/WhatsApp-Image-2024-04-03-at-1.00.19-AM-1.jpeg 1200w, https:\/\/enconecte.com\/wp-content\/uploads\/2024\/04\/WhatsApp-Image-2024-04-03-at-1.00.19-AM-1-300x200.jpeg 300w, https:\/\/enconecte.com\/wp-content\/uploads\/2024\/04\/WhatsApp-Image-2024-04-03-at-1.00.19-AM-1-1024x683.jpeg 1024w, https:\/\/enconecte.com\/wp-content\/uploads\/2024\/04\/WhatsApp-Image-2024-04-03-at-1.00.19-AM-1-768x512.jpeg 768w\" sizes=\"auto, (max-width: 1200px) 100vw, 1200px\" \/><\/a><\/p>\n","protected":false},"excerpt":{"rendered":"<p>La explanada de la Feria de Primavera Jerez 2024 en su 200 aniversario, reson\u00f3 con la m\u00fasica de banda y la presencia de Luis \u00c1ngel &#8220;El Flaco&#8221;, que celebra tambi\u00e9n 25 a\u00f1os de carrera art\u00edstica. Termin\u00f3 la espera de su presentaci\u00f3n comenzando la fiesta al ritmo de su m\u00fasica y la iluminaci\u00f3n de pirotecnia, seguido [&hellip;]<\/p>\n","protected":false},"author":9,"featured_media":23645,"comment_status":"closed","ping_status":"closed","sticky":false,"template":"","format":"standard","meta":{"footnotes":""},"categories":[2175,1370],"tags":[],"class_list":["post-23643","post","type-post","status-publish","format-standard","has-post-thumbnail","hentry","category-feria-jerez","category-jerez"],"_links":{"self":[{"href":"https:\/\/enconecte.com\/index.php?rest_route=\/wp\/v2\/posts\/23643","targetHints":{"allow":["GET"]}}],"collection":[{"href":"https:\/\/enconecte.com\/index.php?rest_route=\/wp\/v2\/posts"}],"about":[{"href":"https:\/\/enconecte.com\/index.php?rest_route=\/wp\/v2\/types\/post"}],"author":[{"embeddable":true,"href":"https:\/\/enconecte.com\/index.php?rest_route=\/wp\/v2\/users\/9"}],"replies":[{"embeddable":true,"href":"https:\/\/enconecte.com\/index.php?rest_route=%2Fwp%2Fv2%2Fcomments&post=23643"}],"version-history":[{"count":0,"href":"https:\/\/enconecte.com\/index.php?rest_route=\/wp\/v2\/posts\/23643\/revisions"}],"wp:featuredmedia":[{"embeddable":true,"href":"https:\/\/enconecte.com\/index.php?rest_route=\/wp\/v2\/media\/23645"}],"wp:attachment":[{"href":"https:\/\/enconecte.com\/index.php?rest_route=%2Fwp%2Fv2%2Fmedia&parent=23643"}],"wp:term":[{"taxonomy":"category","embeddable":true,"href":"https:\/\/enconecte.com\/index.php?rest_route=%2Fwp%2Fv2%2Fcategories&post=23643"},{"taxonomy":"post_tag","embeddable":true,"href":"https:\/\/enconecte.com\/index.php?rest_route=%2Fwp%2Fv2%2Ftags&post=23643"}],"curies":[{"name":"wp","href":"https:\/\/api.w.org\/{rel}","templated":true}]}}