{"id":23640,"date":"2024-04-02T19:27:09","date_gmt":"2024-04-03T01:27:09","guid":{"rendered":"https:\/\/enconecte.com\/?p=23640"},"modified":"2024-04-15T19:27:36","modified_gmt":"2024-04-16T01:27:36","slug":"los-dandys-llenaron-de-romanticismo-y-recuerdos-el-foro-cultural-bicentenario","status":"publish","type":"post","link":"https:\/\/enconecte.com\/?p=23640","title":{"rendered":"LOS DANDYS LLENARON DE ROMANTICISMO Y RECUERDOS EL FORO CULTURAL BICENTENARIO"},"content":{"rendered":"<p>El gran concierto de boleros a cargo del Tr\u00edo Los Dandys, impregn\u00f3 la noche de romanticismo y recuerdos, en el Foro Cultural Bicentenario, donde un p\u00fablico conformado sobre todo por adultos mayores, cantaron con energ\u00eda las canciones de la agrupaci\u00f3n creada en 1955 por sus integrantes originales y que en la actualidad, con una nueva generaci\u00f3n, interpretan lo mejor de esta gran herencia musical.<\/p>\n<p>Encabezados por su director Francisco Escamilla, hijo de uno de los Dandys originales y acompa\u00f1ado de extraordinarios m\u00fasicos y voces, deleitaron al p\u00fablico con m\u00e1s de 20 melod\u00edas como Gema, Tres Regalos, Por fin, Cerca del Mar, Vuela Paloma, Como un Duende, Negrura, Eternamente, Alma de Cristal, Suspenso Infernal y otras m\u00e1s que resultaron del agrado de los asistentes.<\/p>\n<p>Integrantes de la comisi\u00f3n de cultura en el Comit\u00e9 de Feria, entregaron el reconocimiento a los artistas provenientes de la ciudad de M\u00e9xico, que con un requinto ejecutado magistralmente, dos guitarras y un bajo, as\u00ed como voces bien coordinadas, alegraron la noche de este p\u00fablico diferente a lo habitual, que disfrut\u00f3 del d\u00eda dedicado para ellos en el escenario ferial.<\/p>\n<p>El programa lo complementaron el tr\u00edo jerezano Los Andariegos, quienes tambi\u00e9n interpretaron boleros caracter\u00edsticos de este g\u00e9nero que no pasa de moda, as\u00ed como Fragosos Musical, encargados de alegrar el momento previo, con m\u00fasica de estilos diversos, prevaleciendo las rom\u00e1nticas del recuerdo.<\/p>\n<p><a  href=\"https:\/\/enconecte.com\/wp-content\/uploads\/2024\/04\/WhatsApp-Image-2024-04-02-at-11.07.06-PM.jpeg\" data-rel=\"lightbox-gallery-0\" data-rl_title=\"\" data-rl_caption=\"\" title=\"\"><img loading=\"lazy\" decoding=\"async\" class=\"alignnone size-full wp-image-23641\" src=\"https:\/\/enconecte.com\/wp-content\/uploads\/2024\/04\/WhatsApp-Image-2024-04-02-at-11.07.06-PM.jpeg\" alt=\"\" width=\"1600\" height=\"800\" srcset=\"https:\/\/enconecte.com\/wp-content\/uploads\/2024\/04\/WhatsApp-Image-2024-04-02-at-11.07.06-PM.jpeg 1600w, https:\/\/enconecte.com\/wp-content\/uploads\/2024\/04\/WhatsApp-Image-2024-04-02-at-11.07.06-PM-300x150.jpeg 300w, https:\/\/enconecte.com\/wp-content\/uploads\/2024\/04\/WhatsApp-Image-2024-04-02-at-11.07.06-PM-1024x512.jpeg 1024w, https:\/\/enconecte.com\/wp-content\/uploads\/2024\/04\/WhatsApp-Image-2024-04-02-at-11.07.06-PM-768x384.jpeg 768w, https:\/\/enconecte.com\/wp-content\/uploads\/2024\/04\/WhatsApp-Image-2024-04-02-at-11.07.06-PM-1536x768.jpeg 1536w\" sizes=\"auto, (max-width: 1600px) 100vw, 1600px\" \/><\/a><\/p>\n","protected":false},"excerpt":{"rendered":"<p>El gran concierto de boleros a cargo del Tr\u00edo Los Dandys, impregn\u00f3 la noche de romanticismo y recuerdos, en el Foro Cultural Bicentenario, donde un p\u00fablico conformado sobre todo por adultos mayores, cantaron con energ\u00eda las canciones de la agrupaci\u00f3n creada en 1955 por sus integrantes originales y que en la actualidad, con una nueva [&hellip;]<\/p>\n","protected":false},"author":9,"featured_media":23642,"comment_status":"closed","ping_status":"closed","sticky":false,"template":"","format":"standard","meta":{"footnotes":""},"categories":[2175,1370],"tags":[],"class_list":["post-23640","post","type-post","status-publish","format-standard","has-post-thumbnail","hentry","category-feria-jerez","category-jerez"],"_links":{"self":[{"href":"https:\/\/enconecte.com\/index.php?rest_route=\/wp\/v2\/posts\/23640","targetHints":{"allow":["GET"]}}],"collection":[{"href":"https:\/\/enconecte.com\/index.php?rest_route=\/wp\/v2\/posts"}],"about":[{"href":"https:\/\/enconecte.com\/index.php?rest_route=\/wp\/v2\/types\/post"}],"author":[{"embeddable":true,"href":"https:\/\/enconecte.com\/index.php?rest_route=\/wp\/v2\/users\/9"}],"replies":[{"embeddable":true,"href":"https:\/\/enconecte.com\/index.php?rest_route=%2Fwp%2Fv2%2Fcomments&post=23640"}],"version-history":[{"count":0,"href":"https:\/\/enconecte.com\/index.php?rest_route=\/wp\/v2\/posts\/23640\/revisions"}],"wp:featuredmedia":[{"embeddable":true,"href":"https:\/\/enconecte.com\/index.php?rest_route=\/wp\/v2\/media\/23642"}],"wp:attachment":[{"href":"https:\/\/enconecte.com\/index.php?rest_route=%2Fwp%2Fv2%2Fmedia&parent=23640"}],"wp:term":[{"taxonomy":"category","embeddable":true,"href":"https:\/\/enconecte.com\/index.php?rest_route=%2Fwp%2Fv2%2Fcategories&post=23640"},{"taxonomy":"post_tag","embeddable":true,"href":"https:\/\/enconecte.com\/index.php?rest_route=%2Fwp%2Fv2%2Ftags&post=23640"}],"curies":[{"name":"wp","href":"https:\/\/api.w.org\/{rel}","templated":true}]}}