{"id":23625,"date":"2024-04-01T19:21:34","date_gmt":"2024-04-02T01:21:34","guid":{"rendered":"https:\/\/enconecte.com\/?p=23625"},"modified":"2024-04-15T19:22:09","modified_gmt":"2024-04-16T01:22:09","slug":"se-preserva-en-la-feria-de-la-primavera-la-tradicion-del-porte-de-la-arracada-jerezana-y-rebozo","status":"publish","type":"post","link":"https:\/\/enconecte.com\/?p=23625","title":{"rendered":"SE PRESERVA EN LA FERIA DE LA PRIMAVERA LA TRADICI\u00d3N DEL PORTE DE LA ARRACADA JEREZANA Y REBOZO"},"content":{"rendered":"<p>&nbsp;<\/p>\n<p>\u00bfEn el marco de la Feria de la Primavera, en su edici\u00f3n del bicentenario, se llev\u00f3 a cabo el tradicional concurso de porte del rebozo y la arracada jerezana. Este evento tuvo lugar en el Jard\u00edn Principal, el coraz\u00f3n de este pueblo m\u00e1gico.<\/p>\n<p>Las autoridades municipales, acompa\u00f1adas por la reina de la feria, Jazm\u00edn, y sus princesas M\u00e9rali y Samantha, estuvieron presentes en el evento y encabezaron la ceremonia de premiaci\u00f3n. Adem\u00e1s, la Corte Real luci\u00f3 la t\u00edpica joyer\u00eda jerezana, que es un s\u00edmbolo de identidad en esta regi\u00f3n, as\u00ed como sus vistosos rebozos.<\/p>\n<p>Las concursantes presentaron sus atuendos uno a uno y explicaron el tipo de pieza que llevaban. Posteriormente, junto con las autoridades y las representantes de la belleza en la Feria de la Primavera, realizaron el tradicional paseo por el Jard\u00edn Principal.<\/p>\n<p>Finalmente, el jurado calificador determin\u00f3 como ganadoras del concurso a Elvira Serrano en el primer lugar, Nayeli de la Rosa en el segundo lugar y Mar\u00eda Iv\u00f3n Flores en el tercero. Estas ganadoras recibieron como premio rebozos, arracadas y un souvenir conmemorativo de la Feria de la Primavera en su 200 aniversario.<\/p>\n<p><a  href=\"https:\/\/enconecte.com\/wp-content\/uploads\/2024\/04\/WhatsApp-Image-2024-04-01-at-3.36.57-PM.jpeg\" data-rel=\"lightbox-gallery-0\" data-rl_title=\"\" data-rl_caption=\"\" title=\"\"><img loading=\"lazy\" decoding=\"async\" class=\"alignnone size-full wp-image-23626\" src=\"https:\/\/enconecte.com\/wp-content\/uploads\/2024\/04\/WhatsApp-Image-2024-04-01-at-3.36.57-PM.jpeg\" alt=\"\" width=\"1600\" height=\"1066\" srcset=\"https:\/\/enconecte.com\/wp-content\/uploads\/2024\/04\/WhatsApp-Image-2024-04-01-at-3.36.57-PM.jpeg 1600w, https:\/\/enconecte.com\/wp-content\/uploads\/2024\/04\/WhatsApp-Image-2024-04-01-at-3.36.57-PM-300x200.jpeg 300w, https:\/\/enconecte.com\/wp-content\/uploads\/2024\/04\/WhatsApp-Image-2024-04-01-at-3.36.57-PM-1024x682.jpeg 1024w, https:\/\/enconecte.com\/wp-content\/uploads\/2024\/04\/WhatsApp-Image-2024-04-01-at-3.36.57-PM-768x512.jpeg 768w, https:\/\/enconecte.com\/wp-content\/uploads\/2024\/04\/WhatsApp-Image-2024-04-01-at-3.36.57-PM-1536x1023.jpeg 1536w\" sizes=\"auto, (max-width: 1600px) 100vw, 1600px\" \/><\/a><\/p>\n","protected":false},"excerpt":{"rendered":"<p>&nbsp; \u00bfEn el marco de la Feria de la Primavera, en su edici\u00f3n del bicentenario, se llev\u00f3 a cabo el tradicional concurso de porte del rebozo y la arracada jerezana. Este evento tuvo lugar en el Jard\u00edn Principal, el coraz\u00f3n de este pueblo m\u00e1gico. Las autoridades municipales, acompa\u00f1adas por la reina de la feria, Jazm\u00edn, [&hellip;]<\/p>\n","protected":false},"author":9,"featured_media":23627,"comment_status":"closed","ping_status":"closed","sticky":false,"template":"","format":"standard","meta":{"footnotes":""},"categories":[2175,1370],"tags":[],"class_list":["post-23625","post","type-post","status-publish","format-standard","has-post-thumbnail","hentry","category-feria-jerez","category-jerez"],"_links":{"self":[{"href":"https:\/\/enconecte.com\/index.php?rest_route=\/wp\/v2\/posts\/23625","targetHints":{"allow":["GET"]}}],"collection":[{"href":"https:\/\/enconecte.com\/index.php?rest_route=\/wp\/v2\/posts"}],"about":[{"href":"https:\/\/enconecte.com\/index.php?rest_route=\/wp\/v2\/types\/post"}],"author":[{"embeddable":true,"href":"https:\/\/enconecte.com\/index.php?rest_route=\/wp\/v2\/users\/9"}],"replies":[{"embeddable":true,"href":"https:\/\/enconecte.com\/index.php?rest_route=%2Fwp%2Fv2%2Fcomments&post=23625"}],"version-history":[{"count":0,"href":"https:\/\/enconecte.com\/index.php?rest_route=\/wp\/v2\/posts\/23625\/revisions"}],"wp:featuredmedia":[{"embeddable":true,"href":"https:\/\/enconecte.com\/index.php?rest_route=\/wp\/v2\/media\/23627"}],"wp:attachment":[{"href":"https:\/\/enconecte.com\/index.php?rest_route=%2Fwp%2Fv2%2Fmedia&parent=23625"}],"wp:term":[{"taxonomy":"category","embeddable":true,"href":"https:\/\/enconecte.com\/index.php?rest_route=%2Fwp%2Fv2%2Fcategories&post=23625"},{"taxonomy":"post_tag","embeddable":true,"href":"https:\/\/enconecte.com\/index.php?rest_route=%2Fwp%2Fv2%2Ftags&post=23625"}],"curies":[{"name":"wp","href":"https:\/\/api.w.org\/{rel}","templated":true}]}}