{"id":23622,"date":"2024-04-01T19:19:22","date_gmt":"2024-04-02T01:19:22","guid":{"rendered":"https:\/\/enconecte.com\/?p=23622"},"modified":"2024-04-15T19:20:50","modified_gmt":"2024-04-16T01:20:50","slug":"imelda-luna-gana-premio-al-merito-artistico-y-cultural-arturo-perez-torres","status":"publish","type":"post","link":"https:\/\/enconecte.com\/?p=23622","title":{"rendered":"IMELDA LUNA GANA PREMIO AL M\u00c9RITO ART\u00cdSTICO Y CULTURAL ARTURO P\u00c9REZ TORRES"},"content":{"rendered":"<ul>\n<li>El acto se enmarca en el festejo de 452 a\u00f1os del Poblamiento Definitivo de Jerez y su Fundaci\u00f3n, as\u00ed como el bicentenario de la Feria de Primavera.<\/li>\n<\/ul>\n<p>Con la entrega del premio al M\u00e9rito Art\u00edstico y Cultural Jerezano Arturo P\u00e9rez Torres y un acto formal, se celebr\u00f3 el 452 aniversario del Poblamiento Definitivo de Jerez y su Fundaci\u00f3n, convenido por acuerdo de Cabildo y resultado de las investigaciones, el d\u00eda primero de abril anualmente.<\/p>\n<p>Este a\u00f1o, la Maestra Imelda Luna Hern\u00e1ndez, fue reconocida por su destacada trayectoria en el desarrollo cultural jerezano dentro del \u00e1rea de la m\u00fasica, el canto y otras disciplinas art\u00edsticas que ha compartido por varias generaciones a trav\u00e9s de los talleres a su cargo, contribuyendo con ello al fomento del arte en la ni\u00f1ez jerezana.<\/p>\n<p>La ganadora de la medalla al m\u00e9rito art\u00edstico, inici\u00f3 su vocaci\u00f3n musical desde la adolescencia, con especial habilidad para la ejecuci\u00f3n de guitarra y canto, por lo que continu\u00f3 form\u00e1ndose en el \u00e1mbito art\u00edstico para en 1996 comenzar a impartir talleres a ni\u00f1os y ni\u00f1as en el Instituto Jerezano de Cultura.<\/p>\n<p>El evento que se desarroll\u00f3 en el Teatro Hinojosa cont\u00f3 con la formalidad requerida y se instal\u00f3 la sesi\u00f3n de Cabildo en la cual, se hace la entrega de la medalla de plata forjada por el artesano Alfredo P\u00e9rez y el est\u00edmulo econ\u00f3mico por 50 mil pesos, que son otorgados a quien elige el jurado calificador integrado por personas ampliamente reconocidas en los medios culturales de la entidad, a quien cumple los nueve puntos estipulados en la convocatoria correspondiente.<\/p>\n<p>Al t\u00e9rmino de este, se dio lectura a antecedentes hist\u00f3ricos del m\u00e1s alegre de los pueblos m\u00e1gicos y su origen, as\u00ed como la exposici\u00f3n de motivos y participaci\u00f3n de la galardonada, quien comparti\u00f3 fragmentos de su experiencia a lo largo de 30 a\u00f1os de trayectoria, adem\u00e1s de deleitar a los presentes con algunas interpretaciones musicales. El evento tambi\u00e9n cont\u00f3 con la Banda Municipal Candelario Hu\u00edzar, bajo la direcci\u00f3n del Maestro Mario Acevedo.<\/p>\n<p><a  href=\"https:\/\/enconecte.com\/wp-content\/uploads\/2024\/04\/WhatsApp-Image-2024-04-01-at-1.59.43-PM.jpeg\" data-rel=\"lightbox-gallery-0\" data-rl_title=\"\" data-rl_caption=\"\" title=\"\"><img loading=\"lazy\" decoding=\"async\" class=\"alignnone size-full wp-image-23623\" src=\"https:\/\/enconecte.com\/wp-content\/uploads\/2024\/04\/WhatsApp-Image-2024-04-01-at-1.59.43-PM.jpeg\" alt=\"\" width=\"1280\" height=\"741\" srcset=\"https:\/\/enconecte.com\/wp-content\/uploads\/2024\/04\/WhatsApp-Image-2024-04-01-at-1.59.43-PM.jpeg 1280w, https:\/\/enconecte.com\/wp-content\/uploads\/2024\/04\/WhatsApp-Image-2024-04-01-at-1.59.43-PM-300x174.jpeg 300w, https:\/\/enconecte.com\/wp-content\/uploads\/2024\/04\/WhatsApp-Image-2024-04-01-at-1.59.43-PM-1024x593.jpeg 1024w, https:\/\/enconecte.com\/wp-content\/uploads\/2024\/04\/WhatsApp-Image-2024-04-01-at-1.59.43-PM-768x445.jpeg 768w\" sizes=\"auto, (max-width: 1280px) 100vw, 1280px\" \/><\/a><\/p>\n","protected":false},"excerpt":{"rendered":"<p>El acto se enmarca en el festejo de 452 a\u00f1os del Poblamiento Definitivo de Jerez y su Fundaci\u00f3n, as\u00ed como el bicentenario de la Feria de Primavera. Con la entrega del premio al M\u00e9rito Art\u00edstico y Cultural Jerezano Arturo P\u00e9rez Torres y un acto formal, se celebr\u00f3 el 452 aniversario del Poblamiento Definitivo de Jerez [&hellip;]<\/p>\n","protected":false},"author":9,"featured_media":23624,"comment_status":"closed","ping_status":"closed","sticky":false,"template":"","format":"standard","meta":{"footnotes":""},"categories":[1370],"tags":[],"class_list":["post-23622","post","type-post","status-publish","format-standard","has-post-thumbnail","hentry","category-jerez"],"_links":{"self":[{"href":"https:\/\/enconecte.com\/index.php?rest_route=\/wp\/v2\/posts\/23622","targetHints":{"allow":["GET"]}}],"collection":[{"href":"https:\/\/enconecte.com\/index.php?rest_route=\/wp\/v2\/posts"}],"about":[{"href":"https:\/\/enconecte.com\/index.php?rest_route=\/wp\/v2\/types\/post"}],"author":[{"embeddable":true,"href":"https:\/\/enconecte.com\/index.php?rest_route=\/wp\/v2\/users\/9"}],"replies":[{"embeddable":true,"href":"https:\/\/enconecte.com\/index.php?rest_route=%2Fwp%2Fv2%2Fcomments&post=23622"}],"version-history":[{"count":0,"href":"https:\/\/enconecte.com\/index.php?rest_route=\/wp\/v2\/posts\/23622\/revisions"}],"wp:featuredmedia":[{"embeddable":true,"href":"https:\/\/enconecte.com\/index.php?rest_route=\/wp\/v2\/media\/23624"}],"wp:attachment":[{"href":"https:\/\/enconecte.com\/index.php?rest_route=%2Fwp%2Fv2%2Fmedia&parent=23622"}],"wp:term":[{"taxonomy":"category","embeddable":true,"href":"https:\/\/enconecte.com\/index.php?rest_route=%2Fwp%2Fv2%2Fcategories&post=23622"},{"taxonomy":"post_tag","embeddable":true,"href":"https:\/\/enconecte.com\/index.php?rest_route=%2Fwp%2Fv2%2Ftags&post=23622"}],"curies":[{"name":"wp","href":"https:\/\/api.w.org\/{rel}","templated":true}]}}