{"id":23616,"date":"2024-04-01T19:17:32","date_gmt":"2024-04-02T01:17:32","guid":{"rendered":"https:\/\/enconecte.com\/?p=23616"},"modified":"2024-04-15T19:17:59","modified_gmt":"2024-04-16T01:17:59","slug":"miles-disfrutan-los-exitos-de-la-arrolladora-en-la-feria-de-jerez-2024","status":"publish","type":"post","link":"https:\/\/enconecte.com\/?p=23616","title":{"rendered":"MILES DISFRUTAN LOS \u00c9XITOS DE LA ARROLLADORA EN LA FERIA DE JEREZ 2024"},"content":{"rendered":"<p>Con gran emoci\u00f3n y consolidados en el gusto del p\u00fablico como una de las favoritas, La Arrolladora Banda El Lim\u00f3n, fue ovacionada en su presentaci\u00f3n en la Feria de Jerez 2024.<\/p>\n<p>Participando del bicentenario ferial, la agrupaci\u00f3n dirigida por Ren\u00e9 Camacho, comparti\u00f3 con el p\u00fablico los \u00e9xitos que les han hecho famosos adem\u00e1s de los temas promocionales de su m\u00e1s reciente producci\u00f3n.<\/p>\n<p>La voz del jalisciense Julio Haro fue escuchada por primera vez en Jerez con la interpretaci\u00f3n de temas como &#8220;Cu\u00e9ntame&#8221;, &#8220;En Los Puritos Huesos&#8221; y &#8220;Cuatro meses&#8221; mismos que fueron coreados por los miles de asistentes.<\/p>\n<p>La banda local &#8220;Los de la R&#8221;, tambi\u00e9n compartieron su talento musical con el p\u00fablico previo a la presentaci\u00f3n estelar en la explanada de la feria.<\/p>\n<p><a  href=\"https:\/\/enconecte.com\/wp-content\/uploads\/2024\/04\/WhatsApp-Image-2024-04-01-at-12.03.05-PM.jpeg\" data-rel=\"lightbox-gallery-0\" data-rl_title=\"\" data-rl_caption=\"\" title=\"\"><img loading=\"lazy\" decoding=\"async\" class=\"alignnone size-full wp-image-23617\" src=\"https:\/\/enconecte.com\/wp-content\/uploads\/2024\/04\/WhatsApp-Image-2024-04-01-at-12.03.05-PM.jpeg\" alt=\"\" width=\"1280\" height=\"853\" srcset=\"https:\/\/enconecte.com\/wp-content\/uploads\/2024\/04\/WhatsApp-Image-2024-04-01-at-12.03.05-PM.jpeg 1280w, https:\/\/enconecte.com\/wp-content\/uploads\/2024\/04\/WhatsApp-Image-2024-04-01-at-12.03.05-PM-300x200.jpeg 300w, https:\/\/enconecte.com\/wp-content\/uploads\/2024\/04\/WhatsApp-Image-2024-04-01-at-12.03.05-PM-1024x682.jpeg 1024w, https:\/\/enconecte.com\/wp-content\/uploads\/2024\/04\/WhatsApp-Image-2024-04-01-at-12.03.05-PM-768x512.jpeg 768w\" sizes=\"auto, (max-width: 1280px) 100vw, 1280px\" \/><\/a><\/p>\n","protected":false},"excerpt":{"rendered":"<p>Con gran emoci\u00f3n y consolidados en el gusto del p\u00fablico como una de las favoritas, La Arrolladora Banda El Lim\u00f3n, fue ovacionada en su presentaci\u00f3n en la Feria de Jerez 2024. Participando del bicentenario ferial, la agrupaci\u00f3n dirigida por Ren\u00e9 Camacho, comparti\u00f3 con el p\u00fablico los \u00e9xitos que les han hecho famosos adem\u00e1s de los [&hellip;]<\/p>\n","protected":false},"author":9,"featured_media":23618,"comment_status":"closed","ping_status":"closed","sticky":false,"template":"","format":"standard","meta":{"footnotes":""},"categories":[2175,1370],"tags":[],"class_list":["post-23616","post","type-post","status-publish","format-standard","has-post-thumbnail","hentry","category-feria-jerez","category-jerez"],"_links":{"self":[{"href":"https:\/\/enconecte.com\/index.php?rest_route=\/wp\/v2\/posts\/23616","targetHints":{"allow":["GET"]}}],"collection":[{"href":"https:\/\/enconecte.com\/index.php?rest_route=\/wp\/v2\/posts"}],"about":[{"href":"https:\/\/enconecte.com\/index.php?rest_route=\/wp\/v2\/types\/post"}],"author":[{"embeddable":true,"href":"https:\/\/enconecte.com\/index.php?rest_route=\/wp\/v2\/users\/9"}],"replies":[{"embeddable":true,"href":"https:\/\/enconecte.com\/index.php?rest_route=%2Fwp%2Fv2%2Fcomments&post=23616"}],"version-history":[{"count":0,"href":"https:\/\/enconecte.com\/index.php?rest_route=\/wp\/v2\/posts\/23616\/revisions"}],"wp:featuredmedia":[{"embeddable":true,"href":"https:\/\/enconecte.com\/index.php?rest_route=\/wp\/v2\/media\/23618"}],"wp:attachment":[{"href":"https:\/\/enconecte.com\/index.php?rest_route=%2Fwp%2Fv2%2Fmedia&parent=23616"}],"wp:term":[{"taxonomy":"category","embeddable":true,"href":"https:\/\/enconecte.com\/index.php?rest_route=%2Fwp%2Fv2%2Fcategories&post=23616"},{"taxonomy":"post_tag","embeddable":true,"href":"https:\/\/enconecte.com\/index.php?rest_route=%2Fwp%2Fv2%2Ftags&post=23616"}],"curies":[{"name":"wp","href":"https:\/\/api.w.org\/{rel}","templated":true}]}}