{"id":23610,"date":"2024-03-31T19:13:51","date_gmt":"2024-04-01T01:13:51","guid":{"rendered":"https:\/\/enconecte.com\/?p=23610"},"modified":"2024-04-15T19:15:02","modified_gmt":"2024-04-16T01:15:02","slug":"reabrio-sus-puertas-el-jardin-principal-de-jerez","status":"publish","type":"post","link":"https:\/\/enconecte.com\/?p=23610","title":{"rendered":"REABRI\u00d3 SUS PUERTAS EL JARD\u00cdN PRINCIPAL DE JEREZ"},"content":{"rendered":"<p>Las autoridades municipales llevaron a cabo la reapertura del Jard\u00edn Rafael P\u00e1ez, despu\u00e9s de haber permanecido cerrado durante toda la Cuaresma, de acuerdo con la tradici\u00f3n establecida hace m\u00e1s de 65 a\u00f1os, con el prop\u00f3sito de realizar acciones de remozamiento.<\/p>\n<p>Este a\u00f1o se decidi\u00f3 mantenerlo cerrado tambi\u00e9n el S\u00e1bado de Gloria para evitar el deterioro que sufre anualmente durante la fiesta de la Quema de Judas. Por lo tanto, se abri\u00f3 al p\u00fablico este domingo. Una vez que el encargado del espacio retir\u00f3 los candados, decenas de personas ingresaron por cada uno de los seis accesos para disfrutar del descanso en las bancas del interior, percibiendo un ambiente de tranquilidad.<\/p>\n<p><a  href=\"https:\/\/enconecte.com\/wp-content\/uploads\/2024\/04\/WhatsApp-Image-2024-03-31-at-4.34.35-PM-1.jpeg\" data-rel=\"lightbox-gallery-0\" data-rl_title=\"\" data-rl_caption=\"\" title=\"\"><img loading=\"lazy\" decoding=\"async\" class=\"alignnone size-full wp-image-23612\" src=\"https:\/\/enconecte.com\/wp-content\/uploads\/2024\/04\/WhatsApp-Image-2024-03-31-at-4.34.35-PM-1.jpeg\" alt=\"\" width=\"1600\" height=\"1066\" srcset=\"https:\/\/enconecte.com\/wp-content\/uploads\/2024\/04\/WhatsApp-Image-2024-03-31-at-4.34.35-PM-1.jpeg 1600w, https:\/\/enconecte.com\/wp-content\/uploads\/2024\/04\/WhatsApp-Image-2024-03-31-at-4.34.35-PM-1-300x200.jpeg 300w, https:\/\/enconecte.com\/wp-content\/uploads\/2024\/04\/WhatsApp-Image-2024-03-31-at-4.34.35-PM-1-1024x682.jpeg 1024w, https:\/\/enconecte.com\/wp-content\/uploads\/2024\/04\/WhatsApp-Image-2024-03-31-at-4.34.35-PM-1-768x512.jpeg 768w, https:\/\/enconecte.com\/wp-content\/uploads\/2024\/04\/WhatsApp-Image-2024-03-31-at-4.34.35-PM-1-1536x1023.jpeg 1536w\" sizes=\"auto, (max-width: 1600px) 100vw, 1600px\" \/><\/a><\/p>\n","protected":false},"excerpt":{"rendered":"<p>Las autoridades municipales llevaron a cabo la reapertura del Jard\u00edn Rafael P\u00e1ez, despu\u00e9s de haber permanecido cerrado durante toda la Cuaresma, de acuerdo con la tradici\u00f3n establecida hace m\u00e1s de 65 a\u00f1os, con el prop\u00f3sito de realizar acciones de remozamiento. Este a\u00f1o se decidi\u00f3 mantenerlo cerrado tambi\u00e9n el S\u00e1bado de Gloria para evitar el deterioro [&hellip;]<\/p>\n","protected":false},"author":9,"featured_media":23611,"comment_status":"closed","ping_status":"closed","sticky":false,"template":"","format":"standard","meta":{"footnotes":""},"categories":[1370],"tags":[],"class_list":["post-23610","post","type-post","status-publish","format-standard","has-post-thumbnail","hentry","category-jerez"],"_links":{"self":[{"href":"https:\/\/enconecte.com\/index.php?rest_route=\/wp\/v2\/posts\/23610","targetHints":{"allow":["GET"]}}],"collection":[{"href":"https:\/\/enconecte.com\/index.php?rest_route=\/wp\/v2\/posts"}],"about":[{"href":"https:\/\/enconecte.com\/index.php?rest_route=\/wp\/v2\/types\/post"}],"author":[{"embeddable":true,"href":"https:\/\/enconecte.com\/index.php?rest_route=\/wp\/v2\/users\/9"}],"replies":[{"embeddable":true,"href":"https:\/\/enconecte.com\/index.php?rest_route=%2Fwp%2Fv2%2Fcomments&post=23610"}],"version-history":[{"count":0,"href":"https:\/\/enconecte.com\/index.php?rest_route=\/wp\/v2\/posts\/23610\/revisions"}],"wp:featuredmedia":[{"embeddable":true,"href":"https:\/\/enconecte.com\/index.php?rest_route=\/wp\/v2\/media\/23611"}],"wp:attachment":[{"href":"https:\/\/enconecte.com\/index.php?rest_route=%2Fwp%2Fv2%2Fmedia&parent=23610"}],"wp:term":[{"taxonomy":"category","embeddable":true,"href":"https:\/\/enconecte.com\/index.php?rest_route=%2Fwp%2Fv2%2Fcategories&post=23610"},{"taxonomy":"post_tag","embeddable":true,"href":"https:\/\/enconecte.com\/index.php?rest_route=%2Fwp%2Fv2%2Ftags&post=23610"}],"curies":[{"name":"wp","href":"https:\/\/api.w.org\/{rel}","templated":true}]}}