{"id":23601,"date":"2024-03-30T19:09:51","date_gmt":"2024-03-31T01:09:51","guid":{"rendered":"https:\/\/enconecte.com\/?p=23601"},"modified":"2024-04-15T19:10:48","modified_gmt":"2024-04-16T01:10:48","slug":"gran-cierre-del-sabado-de-gloria-con-la-actuacion-de-julio-preciado","status":"publish","type":"post","link":"https:\/\/enconecte.com\/?p=23601","title":{"rendered":"GRAN CIERRE DEL S\u00c1BADO DE GLORIA CON LA ACTUACI\u00d3N DE JULIO PRECIADO"},"content":{"rendered":"<p>Gran cerrojazo del S\u00e1bado de Gloria, con la presencia estelar en el Teatro del Pueblo, de La Leyenda de la Banda, Julio Preciado, como parte del programa de la Feria de Primavera de Jerez, en esta edici\u00f3n especial con la que se conmemora el 200 aniversario.<\/p>\n<p>El cantante regres\u00f3 a esta tierra, donde ha cosechado importantes triunfos, sobre todo a nivel individual y esta noche no fue la excepci\u00f3n, al poner a tope el ambiente entre el p\u00fablico que se dio cita para presenciar otra hist\u00f3rica actuaci\u00f3n y que desde diversos puntos del centro de espect\u00e1culos de la Feria, corearon sus canciones y bailaron al ritmo de su banda Perla del Pac\u00edfico.<\/p>\n<p>Julio Preciado vestido con atuendo en el que predominaba el color negro combinado con brillantes en dorado, hizo su aparici\u00f3n, provocando una gran ovaci\u00f3n de parte de un p\u00fablico que vibr\u00f3 de emoci\u00f3n, desde que la agrupaci\u00f3n compuesta por 16 integrantes, ejecut\u00f3 el tema musical de introducci\u00f3n y que se intensific\u00f3 al identificar las notas de Un Rinconcito En El Cielo, seguido de Pena tras pena, ligado de Que Puedo Hacer por ti, Mi Gusto es y Le\u00f1a de Pirul.<\/p>\n<p>Sigui\u00f3 un ramillete de melod\u00edas bailables como La Quebradora y V\u00e1monos de Fiesta y otras para adoloridos, como Tres pies Abajo o Una Aventura; el tributo a Marco Antonio Sol\u00eds con Tus Mentiras, Antes de que te vayas y Si vieras cu\u00e1nto, en una actuaci\u00f3n en la que Julio Preciado mostr\u00f3 el profesionalismo que le caracteriza y que incluy\u00f3 la interacci\u00f3n frecuente con sus leales seguidores, que otra vez estuvieron ah\u00ed para disfrutar de su m\u00fasica y mostrar su cari\u00f1o al gran cantante.<\/p>\n<p>El programa art\u00edstico de la Feria de la primavera, contin\u00faa este domingo con la actuaci\u00f3n de la Arrolladora Banda el Lim\u00f3n, en el escenario del Teatro del Pueblo; previamente, por la tarde, la apertura del foro cultural bicentenario, con el Mariachi Fest, en el que act\u00faan el Juvenil de Colotl\u00e1n y el Internacional de Miguel de la Rosa.<\/p>\n<p><a  href=\"https:\/\/enconecte.com\/wp-content\/uploads\/2024\/04\/WhatsApp-Image-2024-03-31-at-12.42.43-AM.jpeg\" data-rel=\"lightbox-gallery-0\" data-rl_title=\"\" data-rl_caption=\"\" title=\"\"><img loading=\"lazy\" decoding=\"async\" class=\"alignnone size-full wp-image-23602\" src=\"https:\/\/enconecte.com\/wp-content\/uploads\/2024\/04\/WhatsApp-Image-2024-03-31-at-12.42.43-AM.jpeg\" alt=\"\" width=\"1600\" height=\"629\" srcset=\"https:\/\/enconecte.com\/wp-content\/uploads\/2024\/04\/WhatsApp-Image-2024-03-31-at-12.42.43-AM.jpeg 1600w, https:\/\/enconecte.com\/wp-content\/uploads\/2024\/04\/WhatsApp-Image-2024-03-31-at-12.42.43-AM-300x118.jpeg 300w, https:\/\/enconecte.com\/wp-content\/uploads\/2024\/04\/WhatsApp-Image-2024-03-31-at-12.42.43-AM-1024x403.jpeg 1024w, https:\/\/enconecte.com\/wp-content\/uploads\/2024\/04\/WhatsApp-Image-2024-03-31-at-12.42.43-AM-768x302.jpeg 768w, https:\/\/enconecte.com\/wp-content\/uploads\/2024\/04\/WhatsApp-Image-2024-03-31-at-12.42.43-AM-1536x604.jpeg 1536w\" sizes=\"auto, (max-width: 1600px) 100vw, 1600px\" \/><\/a><\/p>\n","protected":false},"excerpt":{"rendered":"<p>Gran cerrojazo del S\u00e1bado de Gloria, con la presencia estelar en el Teatro del Pueblo, de La Leyenda de la Banda, Julio Preciado, como parte del programa de la Feria de Primavera de Jerez, en esta edici\u00f3n especial con la que se conmemora el 200 aniversario. El cantante regres\u00f3 a esta tierra, donde ha cosechado [&hellip;]<\/p>\n","protected":false},"author":9,"featured_media":23603,"comment_status":"closed","ping_status":"closed","sticky":false,"template":"","format":"standard","meta":{"footnotes":""},"categories":[2175,1370],"tags":[],"class_list":["post-23601","post","type-post","status-publish","format-standard","has-post-thumbnail","hentry","category-feria-jerez","category-jerez"],"_links":{"self":[{"href":"https:\/\/enconecte.com\/index.php?rest_route=\/wp\/v2\/posts\/23601","targetHints":{"allow":["GET"]}}],"collection":[{"href":"https:\/\/enconecte.com\/index.php?rest_route=\/wp\/v2\/posts"}],"about":[{"href":"https:\/\/enconecte.com\/index.php?rest_route=\/wp\/v2\/types\/post"}],"author":[{"embeddable":true,"href":"https:\/\/enconecte.com\/index.php?rest_route=\/wp\/v2\/users\/9"}],"replies":[{"embeddable":true,"href":"https:\/\/enconecte.com\/index.php?rest_route=%2Fwp%2Fv2%2Fcomments&post=23601"}],"version-history":[{"count":0,"href":"https:\/\/enconecte.com\/index.php?rest_route=\/wp\/v2\/posts\/23601\/revisions"}],"wp:featuredmedia":[{"embeddable":true,"href":"https:\/\/enconecte.com\/index.php?rest_route=\/wp\/v2\/media\/23603"}],"wp:attachment":[{"href":"https:\/\/enconecte.com\/index.php?rest_route=%2Fwp%2Fv2%2Fmedia&parent=23601"}],"wp:term":[{"taxonomy":"category","embeddable":true,"href":"https:\/\/enconecte.com\/index.php?rest_route=%2Fwp%2Fv2%2Fcategories&post=23601"},{"taxonomy":"post_tag","embeddable":true,"href":"https:\/\/enconecte.com\/index.php?rest_route=%2Fwp%2Fv2%2Ftags&post=23601"}],"curies":[{"name":"wp","href":"https:\/\/api.w.org\/{rel}","templated":true}]}}