{"id":23587,"date":"2024-03-28T19:01:47","date_gmt":"2024-03-29T01:01:47","guid":{"rendered":"https:\/\/enconecte.com\/?p=23587"},"modified":"2024-04-15T19:02:46","modified_gmt":"2024-04-16T01:02:46","slug":"reviven-grandes-momentos-de-la-musica-de-acordeon-con-invasores-cardenales-y-poder-del-norte","status":"publish","type":"post","link":"https:\/\/enconecte.com\/?p=23587","title":{"rendered":"REVIVEN GRANDES MOMENTOS DE LA M\u00daSICA DE ACORDE\u00d3N CON INVASORES, CARDENALES Y PODER DEL NORTE"},"content":{"rendered":"<ul>\n<li>Primer gran lleno en el escenario de la Feria<\/li>\n<\/ul>\n<p>Con m\u00fasica al estilo norte\u00f1o y el estelar duelo de acorde\u00f3n, inici\u00f3 el espect\u00e1culo del Teatro del Pueblo en la Feria de la Primavera Jerez 2024, que celebra 200 a\u00f1os de una de las m\u00e1s a\u00f1ejas tradiciones en el estado de Zacatecas.<\/p>\n<p>Tres grupos consentidos del p\u00fablico jerezano, Invasores de Nuevo Le\u00f3n, Cardenales de Nuevo Le\u00f3n y El Poder del Norte, provocaron el primer gran lleno y deleitaron con lo mejor del repertorio que por d\u00e9cadas, los han posicionado como grandes de la m\u00fasica norte\u00f1a.<\/p>\n<p>Durante m\u00e1s de cuatro horas, jerezanos y visitantes, pudieron disfrutar y bailar los temas musicales de las tres organizaciones encargadas de la reapertura del gran escenario; desde Mi C\u00f3mplice, hasta Playa Sola y Ni que Valieras tanto, pasando por Belleza de Cantina, Eslab\u00f3n por Eslab\u00f3n, Mi Casa Nueva, Laurita Garza, Compr\u00e9ndala, Pero me perdonas, A ella y muchos temas m\u00e1s, que fueron coreados por el p\u00fablico congregado en el foro monumental, durante la velada en la que se vinieron al recuerdo grandes vivencias musicales con Cardenales, Invasores y Poder del norte.<\/p>\n<p>El evento se caracteriz\u00f3 por la alegr\u00eda y buen ambiente que prevaleci\u00f3 durante las respectivas presentaciones, en las que uno de los momentos emotivos fue la ovasi\u00f3n del p\u00fablico a don Chayo Ch\u00e1vez de Cardenales, a quien su situaci\u00f3n de salud no le permiti\u00f3 estar. Mientras que Invasores demostraron una vez m\u00e1s por qu\u00e9 son de los consentidos en esta regi\u00f3n y el Poder del Norte no decepcion\u00f3 en su retorno a Jerez, luego de varios a\u00f1os de no estar en un escenario de esta tierra.<\/p>\n<p>Previo al pr\u00f3tocolo de coronaci\u00f3n, C\u00f3mplices de Nuevo Le\u00f3n, otro grupo del mismo estilo, mostraron su calidad sobre el escenario de la bicentenaria Feria de la Primavera.<\/p>\n<p><a  href=\"https:\/\/enconecte.com\/wp-content\/uploads\/2024\/04\/WhatsApp-Image-2024-03-28-at-3.13.52-AM.jpeg\" data-rel=\"lightbox-gallery-0\" data-rl_title=\"\" data-rl_caption=\"\" title=\"\"><img loading=\"lazy\" decoding=\"async\" class=\"alignnone size-full wp-image-23588\" src=\"https:\/\/enconecte.com\/wp-content\/uploads\/2024\/04\/WhatsApp-Image-2024-03-28-at-3.13.52-AM.jpeg\" alt=\"\" width=\"1600\" height=\"1066\" srcset=\"https:\/\/enconecte.com\/wp-content\/uploads\/2024\/04\/WhatsApp-Image-2024-03-28-at-3.13.52-AM.jpeg 1600w, https:\/\/enconecte.com\/wp-content\/uploads\/2024\/04\/WhatsApp-Image-2024-03-28-at-3.13.52-AM-300x200.jpeg 300w, https:\/\/enconecte.com\/wp-content\/uploads\/2024\/04\/WhatsApp-Image-2024-03-28-at-3.13.52-AM-1024x682.jpeg 1024w, https:\/\/enconecte.com\/wp-content\/uploads\/2024\/04\/WhatsApp-Image-2024-03-28-at-3.13.52-AM-768x512.jpeg 768w, https:\/\/enconecte.com\/wp-content\/uploads\/2024\/04\/WhatsApp-Image-2024-03-28-at-3.13.52-AM-1536x1023.jpeg 1536w\" sizes=\"auto, (max-width: 1600px) 100vw, 1600px\" \/><\/a><\/p>\n","protected":false},"excerpt":{"rendered":"<p>Primer gran lleno en el escenario de la Feria Con m\u00fasica al estilo norte\u00f1o y el estelar duelo de acorde\u00f3n, inici\u00f3 el espect\u00e1culo del Teatro del Pueblo en la Feria de la Primavera Jerez 2024, que celebra 200 a\u00f1os de una de las m\u00e1s a\u00f1ejas tradiciones en el estado de Zacatecas. Tres grupos consentidos del [&hellip;]<\/p>\n","protected":false},"author":9,"featured_media":23584,"comment_status":"closed","ping_status":"closed","sticky":false,"template":"","format":"standard","meta":{"footnotes":""},"categories":[2175,1370],"tags":[],"class_list":["post-23587","post","type-post","status-publish","format-standard","has-post-thumbnail","hentry","category-feria-jerez","category-jerez"],"_links":{"self":[{"href":"https:\/\/enconecte.com\/index.php?rest_route=\/wp\/v2\/posts\/23587","targetHints":{"allow":["GET"]}}],"collection":[{"href":"https:\/\/enconecte.com\/index.php?rest_route=\/wp\/v2\/posts"}],"about":[{"href":"https:\/\/enconecte.com\/index.php?rest_route=\/wp\/v2\/types\/post"}],"author":[{"embeddable":true,"href":"https:\/\/enconecte.com\/index.php?rest_route=\/wp\/v2\/users\/9"}],"replies":[{"embeddable":true,"href":"https:\/\/enconecte.com\/index.php?rest_route=%2Fwp%2Fv2%2Fcomments&post=23587"}],"version-history":[{"count":0,"href":"https:\/\/enconecte.com\/index.php?rest_route=\/wp\/v2\/posts\/23587\/revisions"}],"wp:featuredmedia":[{"embeddable":true,"href":"https:\/\/enconecte.com\/index.php?rest_route=\/wp\/v2\/media\/23584"}],"wp:attachment":[{"href":"https:\/\/enconecte.com\/index.php?rest_route=%2Fwp%2Fv2%2Fmedia&parent=23587"}],"wp:term":[{"taxonomy":"category","embeddable":true,"href":"https:\/\/enconecte.com\/index.php?rest_route=%2Fwp%2Fv2%2Fcategories&post=23587"},{"taxonomy":"post_tag","embeddable":true,"href":"https:\/\/enconecte.com\/index.php?rest_route=%2Fwp%2Fv2%2Ftags&post=23587"}],"curies":[{"name":"wp","href":"https:\/\/api.w.org\/{rel}","templated":true}]}}