{"id":23423,"date":"2023-11-24T23:48:05","date_gmt":"2023-11-25T05:48:05","guid":{"rendered":"https:\/\/enconecte.com\/?p=23423"},"modified":"2023-11-27T00:49:18","modified_gmt":"2023-11-27T06:49:18","slug":"premian-a-ganadores-de-las-convocatorias-del-desfile-del-20-de-noviembre-en-jerez","status":"publish","type":"post","link":"https:\/\/enconecte.com\/?p=23423","title":{"rendered":"PREMIAN A GANADORES DE LAS CONVOCATORIAS DEL DESFILE DEL 20 DE NOVIEMBRE EN JEREZ"},"content":{"rendered":"<p>En la sala de cabildo se llev\u00f3 a cabo de manera oficial la entrega de premios de las convocatorias previas al desfile del 20 de noviembre en conmemoraci\u00f3n de su 113\u00ba aniversario. Estas convocatorias invitaron a las comunidades escolares participantes en el desfile, las cuales incluyeron Tablas R\u00edtmicas divididas en tres categor\u00edas y Carros Aleg\u00f3ricos en una \u00fanica categor\u00eda, con el objetivo de reconocer el esfuerzo y dedicaci\u00f3n de docentes, padres, madres y alumnos que participaron en esta tradici\u00f3n jerezana.<\/p>\n<p>Antes de la entrega de premios, la Mtra. Mar\u00eda Esther Ibarra Guzm\u00e1n, coordinadora de Educaci\u00f3n, agradeci\u00f3 a los docentes, padres de familia y estudiantes por participar en este evento.<\/p>\n<p><a  href=\"https:\/\/enconecte.com\/wp-content\/uploads\/2023\/11\/Imagen-de-WhatsApp-2023-11-24-a-las-15.16.38_f3a99dfa.jpg\" data-rel=\"lightbox-gallery-0\" data-rl_title=\"\" data-rl_caption=\"\" title=\"\"><img loading=\"lazy\" decoding=\"async\" class=\"alignnone size-full wp-image-23425\" src=\"https:\/\/enconecte.com\/wp-content\/uploads\/2023\/11\/Imagen-de-WhatsApp-2023-11-24-a-las-15.16.38_f3a99dfa.jpg\" alt=\"\" width=\"1200\" height=\"800\" srcset=\"https:\/\/enconecte.com\/wp-content\/uploads\/2023\/11\/Imagen-de-WhatsApp-2023-11-24-a-las-15.16.38_f3a99dfa.jpg 1200w, https:\/\/enconecte.com\/wp-content\/uploads\/2023\/11\/Imagen-de-WhatsApp-2023-11-24-a-las-15.16.38_f3a99dfa-300x200.jpg 300w, https:\/\/enconecte.com\/wp-content\/uploads\/2023\/11\/Imagen-de-WhatsApp-2023-11-24-a-las-15.16.38_f3a99dfa-1024x683.jpg 1024w, https:\/\/enconecte.com\/wp-content\/uploads\/2023\/11\/Imagen-de-WhatsApp-2023-11-24-a-las-15.16.38_f3a99dfa-768x512.jpg 768w\" sizes=\"auto, (max-width: 1200px) 100vw, 1200px\" \/><\/a><\/p>\n<p>Los jueces especializados para las Tablas R\u00edtmicas, en conformidad con la convocatoria, fueron los maestros: Armando Correa Gonz\u00e1lez, Diana Mu\u00f1oz Ceballos y Jos\u00e9 Juan de Santiago Garc\u00eda. Asimismo, para la convocatoria de Carros Aleg\u00f3ricos fueron: Lic. V\u00edctor Hu\u00edzar Iturriaga, Lic. Omar Acu\u00f1a Rodr\u00edguez y Lic. Luis de Santiago Gonz\u00e1lez, quienes deliberaron los siguientes resultados:<\/p>\n<p>Tablas R\u00edtmicas por categor\u00edas:<\/p>\n<p>Primaria<br \/>\n1\u00b0 Francisco Garc\u00eda Salinas &#8220;Tipo&#8221;.<br \/>\n2\u00b0 Margarita Maza de Ju\u00e1rez.<br \/>\n3\u00b0 Benito Ju\u00e1rez.<br \/>\nSecundaria<br \/>\n1\u00b0 Francisco Garc\u00eda Salinas.<br \/>\n2\u00b0 Ram\u00f3n L\u00f3pez Velarde.<br \/>\n3\u00b0 Armando Cruz Palomino.<br \/>\nPreparatoria y Universidad<br \/>\n1\u00b0 Francisco Garc\u00eda Salinas.<br \/>\n2\u00b0 Colegio de Bachilleres de la Ermita de Guadalupe.<br \/>\n3\u00b0 Colegio Daniel M\u00e1rquez Medina.<\/p>\n<p>Carros Aleg\u00f3ricos en categor\u00eda \u00fanica:<\/p>\n<p>1\u00b0 Colegio Daniel M\u00e1rquez Medina.<br \/>\n2\u00b0 Primaria Candelario Huizar.<br \/>\n3\u00b0 Primaria Ram\u00f3n L\u00f3pez Velarde.<\/p>\n<p>La bolsa de premios ascendi\u00f3 a $28,000.00 en efectivo para los ganadores de ambas convocatorias. En este contexto, el Dr. Jos\u00e9 Humberto Salazar Contreras, alcalde de Jerez, reconoci\u00f3 el trabajo realizado por todos, felicit\u00f3 a los ganadores y destac\u00f3 la calidad\u00a0del\u00a0desfile.<\/p>\n","protected":false},"excerpt":{"rendered":"<p>En la sala de cabildo se llev\u00f3 a cabo de manera oficial la entrega de premios de las convocatorias previas al desfile del 20 de noviembre en conmemoraci\u00f3n de su 113\u00ba aniversario. Estas convocatorias invitaron a las comunidades escolares participantes en el desfile, las cuales incluyeron Tablas R\u00edtmicas divididas en tres categor\u00edas y Carros Aleg\u00f3ricos [&hellip;]<\/p>\n","protected":false},"author":9,"featured_media":23424,"comment_status":"closed","ping_status":"closed","sticky":false,"template":"","format":"standard","meta":{"footnotes":""},"categories":[1370],"tags":[],"class_list":["post-23423","post","type-post","status-publish","format-standard","has-post-thumbnail","hentry","category-jerez"],"_links":{"self":[{"href":"https:\/\/enconecte.com\/index.php?rest_route=\/wp\/v2\/posts\/23423","targetHints":{"allow":["GET"]}}],"collection":[{"href":"https:\/\/enconecte.com\/index.php?rest_route=\/wp\/v2\/posts"}],"about":[{"href":"https:\/\/enconecte.com\/index.php?rest_route=\/wp\/v2\/types\/post"}],"author":[{"embeddable":true,"href":"https:\/\/enconecte.com\/index.php?rest_route=\/wp\/v2\/users\/9"}],"replies":[{"embeddable":true,"href":"https:\/\/enconecte.com\/index.php?rest_route=%2Fwp%2Fv2%2Fcomments&post=23423"}],"version-history":[{"count":0,"href":"https:\/\/enconecte.com\/index.php?rest_route=\/wp\/v2\/posts\/23423\/revisions"}],"wp:featuredmedia":[{"embeddable":true,"href":"https:\/\/enconecte.com\/index.php?rest_route=\/wp\/v2\/media\/23424"}],"wp:attachment":[{"href":"https:\/\/enconecte.com\/index.php?rest_route=%2Fwp%2Fv2%2Fmedia&parent=23423"}],"wp:term":[{"taxonomy":"category","embeddable":true,"href":"https:\/\/enconecte.com\/index.php?rest_route=%2Fwp%2Fv2%2Fcategories&post=23423"},{"taxonomy":"post_tag","embeddable":true,"href":"https:\/\/enconecte.com\/index.php?rest_route=%2Fwp%2Fv2%2Ftags&post=23423"}],"curies":[{"name":"wp","href":"https:\/\/api.w.org\/{rel}","templated":true}]}}