{"id":23420,"date":"2023-11-23T23:47:09","date_gmt":"2023-11-24T05:47:09","guid":{"rendered":"https:\/\/enconecte.com\/?p=23420"},"modified":"2023-11-27T00:49:18","modified_gmt":"2023-11-27T06:49:18","slug":"concluye-el-taller-de-estudios-filosoficos-en-torno-a-la-vida-y-obra-de-francisco-larroyo","status":"publish","type":"post","link":"https:\/\/enconecte.com\/?p=23420","title":{"rendered":"CONCLUYE EL TALLER DE ESTUDIOS FILOS\u00d3FICOS EN TORNO A LA VIDA Y OBRA DE FRANCISCO LARROYO"},"content":{"rendered":"<p>Como parte de las actividades programadas para la clausura del Taller de Estudios Filos\u00f3ficos en torno a la figura del docente, fil\u00f3sofo, escritor y periodista jerezano Francisco Larroyo, los participantes llevaron a cabo una mesa de discusi\u00f3n en la que expusieron diversas conclusiones de sus investigaciones acerca de la vida y obra de este destacado personaje jerezano.<\/p>\n<p>El evento se llev\u00f3 a cabo en el foro Zozobra del Museo Interactivo Ram\u00f3n L\u00f3pez Velarde, sede del taller-diplomado impartido por Arturo Guti\u00e9rrez Luna. Este \u00faltimo ha dedicado sus \u00faltimos meses a investigar sobre Larroyo, un personaje del siglo pasado cuyas contribuciones se concentran en una cantidad a\u00fan indeterminada de libros. Seg\u00fan Guti\u00e9rrez Luna, en sus recientes investigaciones se han descubierto m\u00e1s obras de las que se conoc\u00edan previamente.<\/p>\n<p>Durante el evento, los seis participantes del diplomado expresaron de manera organizada breves conclusiones sobre el legado del fil\u00f3sofo jerezano, el cual ha despertado su inter\u00e9s por investigar m\u00e1s acerca de su vida y su gran contribuci\u00f3n a la literatura, la filosof\u00eda y, sobre todo, la educaci\u00f3n. Manifestaron su deseo de que los estudios en esta materia contin\u00faen para explorar a\u00fan m\u00e1s la obra de Larroyo.<\/p>\n<p><a  href=\"https:\/\/enconecte.com\/wp-content\/uploads\/2023\/11\/Imagen-de-WhatsApp-2023-11-23-a-las-16.59.23_9c9b6a62.jpg\" data-rel=\"lightbox-gallery-0\" data-rl_title=\"\" data-rl_caption=\"\" title=\"\"><img loading=\"lazy\" decoding=\"async\" class=\"alignnone size-full wp-image-23422\" src=\"https:\/\/enconecte.com\/wp-content\/uploads\/2023\/11\/Imagen-de-WhatsApp-2023-11-23-a-las-16.59.23_9c9b6a62.jpg\" alt=\"\" width=\"1600\" height=\"1066\" srcset=\"https:\/\/enconecte.com\/wp-content\/uploads\/2023\/11\/Imagen-de-WhatsApp-2023-11-23-a-las-16.59.23_9c9b6a62.jpg 1600w, https:\/\/enconecte.com\/wp-content\/uploads\/2023\/11\/Imagen-de-WhatsApp-2023-11-23-a-las-16.59.23_9c9b6a62-300x200.jpg 300w, https:\/\/enconecte.com\/wp-content\/uploads\/2023\/11\/Imagen-de-WhatsApp-2023-11-23-a-las-16.59.23_9c9b6a62-1024x682.jpg 1024w, https:\/\/enconecte.com\/wp-content\/uploads\/2023\/11\/Imagen-de-WhatsApp-2023-11-23-a-las-16.59.23_9c9b6a62-768x512.jpg 768w, https:\/\/enconecte.com\/wp-content\/uploads\/2023\/11\/Imagen-de-WhatsApp-2023-11-23-a-las-16.59.23_9c9b6a62-1536x1023.jpg 1536w\" sizes=\"auto, (max-width: 1600px) 100vw, 1600px\" \/><\/a><\/p>\n<p>En representaci\u00f3n del alcalde Jos\u00e9 Humberto Salazar Contreras, el director del Instituto Jerezano de Cultura (IJC), V\u00edctor Hugo Hu\u00edzar Iturriaga, agradeci\u00f3 al coordinador del taller por su incansable labor en la difusi\u00f3n del legado de Francisco Larroyo. Asimismo, afirm\u00f3 que este tipo de actividades contribuyen significativamente a la cultura, el conocimiento y, sobre todo, a la\u00a0inteligencia.<\/p>\n","protected":false},"excerpt":{"rendered":"<p>Como parte de las actividades programadas para la clausura del Taller de Estudios Filos\u00f3ficos en torno a la figura del docente, fil\u00f3sofo, escritor y periodista jerezano Francisco Larroyo, los participantes llevaron a cabo una mesa de discusi\u00f3n en la que expusieron diversas conclusiones de sus investigaciones acerca de la vida y obra de este destacado [&hellip;]<\/p>\n","protected":false},"author":9,"featured_media":23421,"comment_status":"closed","ping_status":"closed","sticky":false,"template":"","format":"standard","meta":{"footnotes":""},"categories":[1370],"tags":[],"class_list":["post-23420","post","type-post","status-publish","format-standard","has-post-thumbnail","hentry","category-jerez"],"_links":{"self":[{"href":"https:\/\/enconecte.com\/index.php?rest_route=\/wp\/v2\/posts\/23420","targetHints":{"allow":["GET"]}}],"collection":[{"href":"https:\/\/enconecte.com\/index.php?rest_route=\/wp\/v2\/posts"}],"about":[{"href":"https:\/\/enconecte.com\/index.php?rest_route=\/wp\/v2\/types\/post"}],"author":[{"embeddable":true,"href":"https:\/\/enconecte.com\/index.php?rest_route=\/wp\/v2\/users\/9"}],"replies":[{"embeddable":true,"href":"https:\/\/enconecte.com\/index.php?rest_route=%2Fwp%2Fv2%2Fcomments&post=23420"}],"version-history":[{"count":0,"href":"https:\/\/enconecte.com\/index.php?rest_route=\/wp\/v2\/posts\/23420\/revisions"}],"wp:featuredmedia":[{"embeddable":true,"href":"https:\/\/enconecte.com\/index.php?rest_route=\/wp\/v2\/media\/23421"}],"wp:attachment":[{"href":"https:\/\/enconecte.com\/index.php?rest_route=%2Fwp%2Fv2%2Fmedia&parent=23420"}],"wp:term":[{"taxonomy":"category","embeddable":true,"href":"https:\/\/enconecte.com\/index.php?rest_route=%2Fwp%2Fv2%2Fcategories&post=23420"},{"taxonomy":"post_tag","embeddable":true,"href":"https:\/\/enconecte.com\/index.php?rest_route=%2Fwp%2Fv2%2Ftags&post=23420"}],"curies":[{"name":"wp","href":"https:\/\/api.w.org\/{rel}","templated":true}]}}