{"id":23417,"date":"2023-11-22T23:46:20","date_gmt":"2023-11-23T05:46:20","guid":{"rendered":"https:\/\/enconecte.com\/?p=23417"},"modified":"2023-11-27T00:49:18","modified_gmt":"2023-11-27T06:49:18","slug":"jerez-presente-en-la-v-edicion-del-tianguis-de-pueblos-magicos-2023","status":"publish","type":"post","link":"https:\/\/enconecte.com\/?p=23417","title":{"rendered":"JEREZ, PRESENTE EN LA V EDICI\u00d3N DEL TIANGUIS DE PUEBLOS M\u00c1GICOS 2023"},"content":{"rendered":"<p>El municipio de Jerez participa activamente en la quinta edici\u00f3n del Tianguis de Pueblos M\u00e1gicos, un evento que se lleva a cabo en la ciudad de Pachuca de Soto, del 22 al 25 de noviembre. Esta prestigiosa convenci\u00f3n tiene como objetivo principal impulsar, promover y fortalecer el sector tur\u00edstico no solo de Jerez, sino de todas las localidades que conforman los Pueblos M\u00e1gicos de M\u00e9xico.<\/p>\n<p>El Dr. Humberto Salazar Contreras, alcalde de Jerez, encabeza la delegaci\u00f3n que asiste a este magno evento, acompa\u00f1ado por el titular de Turismo, Francisco Serrano y la presidenta honorifica del DIF Bertha Alicia Garc\u00eda Duarte. Los representantes municipales participar\u00e1n activamente en diversas actividades, encuentros y mesas de trabajo destinadas a potenciar las riquezas tur\u00edsticas, culturales y artesanales de Jerez.<\/p>\n<p>El Tianguis de Pueblos M\u00e1gicos 2023 es una oportunidad invaluable para Jerez, ya que se espera la presencia de 171 Pueblos M\u00e1gicos, 442 artesanos, 25 m\u00e9dicos tradicionales, 40 cocineras tradicionales y 455 operadoras, generando un espacio propicio para el intercambio de experiencias, la exhibici\u00f3n de tradiciones y la consolidaci\u00f3n de alianzas estrat\u00e9gicas.<\/p>\n<p><a  href=\"https:\/\/enconecte.com\/wp-content\/uploads\/2023\/11\/Imagen-de-WhatsApp-2023-11-22-a-las-15.48.52_25fbbcbf.jpg\" data-rel=\"lightbox-gallery-0\" data-rl_title=\"\" data-rl_caption=\"\" title=\"\"><img loading=\"lazy\" decoding=\"async\" class=\"alignnone size-full wp-image-23419\" src=\"https:\/\/enconecte.com\/wp-content\/uploads\/2023\/11\/Imagen-de-WhatsApp-2023-11-22-a-las-15.48.52_25fbbcbf.jpg\" alt=\"\" width=\"1600\" height=\"900\" srcset=\"https:\/\/enconecte.com\/wp-content\/uploads\/2023\/11\/Imagen-de-WhatsApp-2023-11-22-a-las-15.48.52_25fbbcbf.jpg 1600w, https:\/\/enconecte.com\/wp-content\/uploads\/2023\/11\/Imagen-de-WhatsApp-2023-11-22-a-las-15.48.52_25fbbcbf-300x169.jpg 300w, https:\/\/enconecte.com\/wp-content\/uploads\/2023\/11\/Imagen-de-WhatsApp-2023-11-22-a-las-15.48.52_25fbbcbf-1024x576.jpg 1024w, https:\/\/enconecte.com\/wp-content\/uploads\/2023\/11\/Imagen-de-WhatsApp-2023-11-22-a-las-15.48.52_25fbbcbf-768x432.jpg 768w, https:\/\/enconecte.com\/wp-content\/uploads\/2023\/11\/Imagen-de-WhatsApp-2023-11-22-a-las-15.48.52_25fbbcbf-1536x864.jpg 1536w\" sizes=\"auto, (max-width: 1600px) 100vw, 1600px\" \/><\/a><\/p>\n<p>La presencia de Jerez en este evento de talla nacional, mencion\u00f3 el doctor Salazar, es un reflejo del compromiso por preservar, difundir y enaltecer las ra\u00edces culturales y tur\u00edsticas que hacen de este municipio un destino emblem\u00e1tico dentro de los Pueblos M\u00e1gicos\u00a0de\u00a0M\u00e9xico.<\/p>\n","protected":false},"excerpt":{"rendered":"<p>El municipio de Jerez participa activamente en la quinta edici\u00f3n del Tianguis de Pueblos M\u00e1gicos, un evento que se lleva a cabo en la ciudad de Pachuca de Soto, del 22 al 25 de noviembre. Esta prestigiosa convenci\u00f3n tiene como objetivo principal impulsar, promover y fortalecer el sector tur\u00edstico no solo de Jerez, sino de [&hellip;]<\/p>\n","protected":false},"author":9,"featured_media":23418,"comment_status":"closed","ping_status":"closed","sticky":false,"template":"","format":"standard","meta":{"footnotes":""},"categories":[1370],"tags":[],"class_list":["post-23417","post","type-post","status-publish","format-standard","has-post-thumbnail","hentry","category-jerez"],"_links":{"self":[{"href":"https:\/\/enconecte.com\/index.php?rest_route=\/wp\/v2\/posts\/23417","targetHints":{"allow":["GET"]}}],"collection":[{"href":"https:\/\/enconecte.com\/index.php?rest_route=\/wp\/v2\/posts"}],"about":[{"href":"https:\/\/enconecte.com\/index.php?rest_route=\/wp\/v2\/types\/post"}],"author":[{"embeddable":true,"href":"https:\/\/enconecte.com\/index.php?rest_route=\/wp\/v2\/users\/9"}],"replies":[{"embeddable":true,"href":"https:\/\/enconecte.com\/index.php?rest_route=%2Fwp%2Fv2%2Fcomments&post=23417"}],"version-history":[{"count":0,"href":"https:\/\/enconecte.com\/index.php?rest_route=\/wp\/v2\/posts\/23417\/revisions"}],"wp:featuredmedia":[{"embeddable":true,"href":"https:\/\/enconecte.com\/index.php?rest_route=\/wp\/v2\/media\/23418"}],"wp:attachment":[{"href":"https:\/\/enconecte.com\/index.php?rest_route=%2Fwp%2Fv2%2Fmedia&parent=23417"}],"wp:term":[{"taxonomy":"category","embeddable":true,"href":"https:\/\/enconecte.com\/index.php?rest_route=%2Fwp%2Fv2%2Fcategories&post=23417"},{"taxonomy":"post_tag","embeddable":true,"href":"https:\/\/enconecte.com\/index.php?rest_route=%2Fwp%2Fv2%2Ftags&post=23417"}],"curies":[{"name":"wp","href":"https:\/\/api.w.org\/{rel}","templated":true}]}}