{"id":23415,"date":"2023-11-22T23:45:02","date_gmt":"2023-11-23T05:45:02","guid":{"rendered":"https:\/\/enconecte.com\/?p=23415"},"modified":"2023-11-27T00:49:18","modified_gmt":"2023-11-27T06:49:18","slug":"pide-departamento-de-educacion-a-beneficiarios-de-becas-de-transporte-acudir-a-recoger-su-credencial","status":"publish","type":"post","link":"https:\/\/enconecte.com\/?p=23415","title":{"rendered":"PIDE DEPARTAMENTO DE EDUCACI\u00d3N A BENEFICIARIOS DE BECAS DE TRANSPORTE ACUDIR A RECOGER SU CREDENCIAL"},"content":{"rendered":"<p>El departamento de Educaci\u00f3n informa a los estudiantes que tramitaron su beca de transporte, que tiene listas las credenciales para ser entregadas a los 300 beneficiarios de este programa, con el que el gobierno del doctor Salazar, apoya a las familias jerezanas, en el traslado de sus hijos que acuden diariamente a la capital del estado a realizar sus estudios de nivel superior.<\/p>\n<p>Mar\u00eda Esther Ibarra Guzm\u00e1n, titular del \u00e1rea solicit\u00f3 a los beneficiarios que hicieron los tr\u00e1mites respectivos, que acudan a las oficinas del departamento, ubicadas al interior del edificio Alc\u00e1zar, en la calle de La parroquia, a un costado del Museo Ram\u00f3n L\u00f3pez Velarde, durante estos tres d\u00edas, para recoger su acreditaci\u00f3n y puedan hacer efectivo el apoyo que el gobierno les estar\u00e1 otorgando.<\/p>\n<p>El personal de esta instancia, estar\u00e1 atendiendo este tema a partir de este mi\u00e9rcoles y hasta el pr\u00f3ximo viernes, en un horario de 8:00 a 15:30 horas, de preferencia deben acudir los beneficiarios, pero si por el horario se le dificulta, puede hacerlo tambi\u00e9n un familiar debidamente\u00a0acreditado.<\/p>\n","protected":false},"excerpt":{"rendered":"<p>El departamento de Educaci\u00f3n informa a los estudiantes que tramitaron su beca de transporte, que tiene listas las credenciales para ser entregadas a los 300 beneficiarios de este programa, con el que el gobierno del doctor Salazar, apoya a las familias jerezanas, en el traslado de sus hijos que acuden diariamente a la capital del [&hellip;]<\/p>\n","protected":false},"author":9,"featured_media":23416,"comment_status":"closed","ping_status":"closed","sticky":false,"template":"","format":"standard","meta":{"footnotes":""},"categories":[1370],"tags":[],"class_list":["post-23415","post","type-post","status-publish","format-standard","has-post-thumbnail","hentry","category-jerez"],"_links":{"self":[{"href":"https:\/\/enconecte.com\/index.php?rest_route=\/wp\/v2\/posts\/23415","targetHints":{"allow":["GET"]}}],"collection":[{"href":"https:\/\/enconecte.com\/index.php?rest_route=\/wp\/v2\/posts"}],"about":[{"href":"https:\/\/enconecte.com\/index.php?rest_route=\/wp\/v2\/types\/post"}],"author":[{"embeddable":true,"href":"https:\/\/enconecte.com\/index.php?rest_route=\/wp\/v2\/users\/9"}],"replies":[{"embeddable":true,"href":"https:\/\/enconecte.com\/index.php?rest_route=%2Fwp%2Fv2%2Fcomments&post=23415"}],"version-history":[{"count":0,"href":"https:\/\/enconecte.com\/index.php?rest_route=\/wp\/v2\/posts\/23415\/revisions"}],"wp:featuredmedia":[{"embeddable":true,"href":"https:\/\/enconecte.com\/index.php?rest_route=\/wp\/v2\/media\/23416"}],"wp:attachment":[{"href":"https:\/\/enconecte.com\/index.php?rest_route=%2Fwp%2Fv2%2Fmedia&parent=23415"}],"wp:term":[{"taxonomy":"category","embeddable":true,"href":"https:\/\/enconecte.com\/index.php?rest_route=%2Fwp%2Fv2%2Fcategories&post=23415"},{"taxonomy":"post_tag","embeddable":true,"href":"https:\/\/enconecte.com\/index.php?rest_route=%2Fwp%2Fv2%2Ftags&post=23415"}],"curies":[{"name":"wp","href":"https:\/\/api.w.org\/{rel}","templated":true}]}}