{"id":23391,"date":"2023-11-14T23:38:12","date_gmt":"2023-11-15T05:38:12","guid":{"rendered":"https:\/\/enconecte.com\/?p=23391"},"modified":"2023-11-26T23:38:57","modified_gmt":"2023-11-27T05:38:57","slug":"en-lo-de-luna-se-realizo-la-caravana-mi-doctor-es-el-presidente","status":"publish","type":"post","link":"https:\/\/enconecte.com\/?p=23391","title":{"rendered":"EN LO DE LUNA SE REALIZ\u00d3 LA CARAVANA \u201cMI DOCTOR ES EL PRESIDENTE\u201d"},"content":{"rendered":"<ul>\n<li>DIF y gobierno municipal acercan los servicios al \u00e1rea rural del municipio<\/li>\n<\/ul>\n<p>La comunidad de Lo de Luna recibi\u00f3 la caravana \u201cEl Doctor es mi presidente\u201d, a trav\u00e9s de la cual, la administraci\u00f3n y el DIF municipal, acercan a la ciudadan\u00eda una diversidad de servicios, entre los que destaca atenci\u00f3n m\u00e9dica gratuita, que realiza personalmente el alcalde Jos\u00e9 Humberto Salazar Contreras y el \u00e1rea de salud.<\/p>\n<p>El mun\u00edcipe y su esposa Berta Alicia Garc\u00eda Duarte, encabezaron esta actividad en la que adem\u00e1s, se tuvo la presencia de personal de odontolog\u00eda y nutrici\u00f3n; asimismo las \u00e1reas de alimentos, atenci\u00f3n a adultos mayores y ni\u00f1os, cortes de pelo y tecnolog\u00eda dom\u00e9stica, que brind\u00f3 capacitaci\u00f3n sobre elaboraci\u00f3n de manualidades.<\/p>\n<p>Asimismo, estuvieron presentes los directores del Sistema Municipal de Agua Potable y Alcantarillado de Jerez (SIMAPAJ) Marco Antonio Valenzuela Esquivel, de Obras y servicios p\u00fablicos Alfredo Mar\u00edn Luna y de Desarrollo Econ\u00f3mico y Social David Josafat de la Torre Pinedo, al igual que los m\u00f3dulos de servicios p\u00fablicos, atenci\u00f3n al migrante y otros que auxiliaron en sus tr\u00e1mites a los ciudadanos.<\/p>\n<p>Durante su mensaje, el doctor Salazar manifest\u00f3 que este tipo de eventos, son reuniones de trabajo en las que como acci\u00f3n principal, se escuchan y atienden las necesidades de la comunidad y en este caso, afirm\u00f3 que se Ir\u00e1n resolviendo algunas de las situaciones por las que atraviesa Lo de Luna, como el mal estado de su carretera, asunto que ya ha tratado con el gobernador David Monreal \u00c1vila y al que se dar\u00e1 atenci\u00f3n.<\/p>\n<p><a  href=\"https:\/\/enconecte.com\/wp-content\/uploads\/2023\/11\/Imagen-de-WhatsApp-2023-11-14-a-las-15.16.44_ff5977df.jpg\" data-rel=\"lightbox-gallery-0\" data-rl_title=\"\" data-rl_caption=\"\" title=\"\"><img loading=\"lazy\" decoding=\"async\" class=\"alignnone size-full wp-image-23393\" src=\"https:\/\/enconecte.com\/wp-content\/uploads\/2023\/11\/Imagen-de-WhatsApp-2023-11-14-a-las-15.16.44_ff5977df.jpg\" alt=\"\" width=\"1280\" height=\"853\" srcset=\"https:\/\/enconecte.com\/wp-content\/uploads\/2023\/11\/Imagen-de-WhatsApp-2023-11-14-a-las-15.16.44_ff5977df.jpg 1280w, https:\/\/enconecte.com\/wp-content\/uploads\/2023\/11\/Imagen-de-WhatsApp-2023-11-14-a-las-15.16.44_ff5977df-300x200.jpg 300w, https:\/\/enconecte.com\/wp-content\/uploads\/2023\/11\/Imagen-de-WhatsApp-2023-11-14-a-las-15.16.44_ff5977df-1024x682.jpg 1024w, https:\/\/enconecte.com\/wp-content\/uploads\/2023\/11\/Imagen-de-WhatsApp-2023-11-14-a-las-15.16.44_ff5977df-768x512.jpg 768w\" sizes=\"auto, (max-width: 1280px) 100vw, 1280px\" \/><\/a><\/p>\n<p>Igualmente, se retomar\u00e1 el tema de la presa inconclusa que es muy necesaria para las actividades del campo; tambi\u00e9n se atender\u00e1 el problema del drenaje y los arreglos al campo de beis bol, para que los ni\u00f1os y j\u00f3venes puedan continuar la pr\u00e1ctica de su deporte y los adultos promuevan la ense\u00f1anza del mismo. Reiter\u00f3 su determinaci\u00f3n de resolver todo lo que est\u00e9 al alcance de la presidencia municipal y dar atenci\u00f3n a las diversas necesidades.<\/p>\n<p>Bertha Alicia Garc\u00eda Duarte agradeci\u00f3 la participaci\u00f3n de la comunidad de la que es originaria y reconoci\u00f3 el liderazgo del delegado municipal Fabi\u00e1n Lira, quien ha estado en contacto con la instituci\u00f3n. Asimismo, invit\u00f3 a las personas a aprovechar los beneficios que se pusieron a disposici\u00f3n, a trav\u00e9s de los m\u00f3dulos\u00a0de\u00a0atenci\u00f3n.<\/p>\n","protected":false},"excerpt":{"rendered":"<p>DIF y gobierno municipal acercan los servicios al \u00e1rea rural del municipio La comunidad de Lo de Luna recibi\u00f3 la caravana \u201cEl Doctor es mi presidente\u201d, a trav\u00e9s de la cual, la administraci\u00f3n y el DIF municipal, acercan a la ciudadan\u00eda una diversidad de servicios, entre los que destaca atenci\u00f3n m\u00e9dica gratuita, que realiza personalmente [&hellip;]<\/p>\n","protected":false},"author":9,"featured_media":23392,"comment_status":"closed","ping_status":"closed","sticky":false,"template":"","format":"standard","meta":{"footnotes":""},"categories":[1370],"tags":[],"class_list":["post-23391","post","type-post","status-publish","format-standard","has-post-thumbnail","hentry","category-jerez"],"_links":{"self":[{"href":"https:\/\/enconecte.com\/index.php?rest_route=\/wp\/v2\/posts\/23391","targetHints":{"allow":["GET"]}}],"collection":[{"href":"https:\/\/enconecte.com\/index.php?rest_route=\/wp\/v2\/posts"}],"about":[{"href":"https:\/\/enconecte.com\/index.php?rest_route=\/wp\/v2\/types\/post"}],"author":[{"embeddable":true,"href":"https:\/\/enconecte.com\/index.php?rest_route=\/wp\/v2\/users\/9"}],"replies":[{"embeddable":true,"href":"https:\/\/enconecte.com\/index.php?rest_route=%2Fwp%2Fv2%2Fcomments&post=23391"}],"version-history":[{"count":0,"href":"https:\/\/enconecte.com\/index.php?rest_route=\/wp\/v2\/posts\/23391\/revisions"}],"wp:featuredmedia":[{"embeddable":true,"href":"https:\/\/enconecte.com\/index.php?rest_route=\/wp\/v2\/media\/23392"}],"wp:attachment":[{"href":"https:\/\/enconecte.com\/index.php?rest_route=%2Fwp%2Fv2%2Fmedia&parent=23391"}],"wp:term":[{"taxonomy":"category","embeddable":true,"href":"https:\/\/enconecte.com\/index.php?rest_route=%2Fwp%2Fv2%2Fcategories&post=23391"},{"taxonomy":"post_tag","embeddable":true,"href":"https:\/\/enconecte.com\/index.php?rest_route=%2Fwp%2Fv2%2Ftags&post=23391"}],"curies":[{"name":"wp","href":"https:\/\/api.w.org\/{rel}","templated":true}]}}