{"id":23374,"date":"2023-11-12T22:41:35","date_gmt":"2023-11-13T04:41:35","guid":{"rendered":"https:\/\/enconecte.com\/?p=23374"},"modified":"2023-11-26T23:20:06","modified_gmt":"2023-11-27T05:20:06","slug":"develan-mural-en-homenaje-al-rejoneador-pablo-hermoso-de-mendoza-en-la-jerezana","status":"publish","type":"post","link":"https:\/\/enconecte.com\/?p=23374","title":{"rendered":"DEVELAN MURAL EN HOMENAJE AL REJONEADOR PABLO HERMOSO DE MENDOZA EN LA JEREZANA"},"content":{"rendered":"<p>La historia del mejor rejoneador del mundo, Pablo Hermoso de Mendoza, en Jerez, qued\u00f3 plasmada en la plaza de toros La Jerezana, donde el doctor Jos\u00e9 Humberto Salazar Contreras, presidente municipal, devel\u00f3 un mural dedicado al caballista espa\u00f1ol. El mural es coautor\u00eda de los artistas jerezanos Lidio Pinedo, V\u00edctor Iturriaga y Antonio Carrillo.<\/p>\n<p>A su llegada a esta tierra, el torero fue recibido por el doctor Salazar, quien estaba acompa\u00f1ado de su esposa Berta Alicia Garc\u00eda Duarte, as\u00ed como de regidores y funcionarios de la administraci\u00f3n municipal. Todos ellos fueron testigos del protocolo con el que se dio a conocer la obra pict\u00f3rica. Esta obra est\u00e1 ubicada en la parte superior del inmueble, justo frente al reloj de la plaza. En el mural se aprecia la imagen del torero en atuendo campero, de color azul, y a su lado uno de sus caballos. Tambi\u00e9n se pueden ver las banderas de M\u00e9xico y Espa\u00f1a, que reflejan el t\u00edtulo del mural, &#8220;Hermandad&#8221;.<\/p>\n<p><a  href=\"https:\/\/enconecte.com\/wp-content\/uploads\/2023\/11\/Imagen-de-WhatsApp-2023-11-12-a-las-13.50.18_c5998f06.jpg\" data-rel=\"lightbox-gallery-0\" data-rl_title=\"\" data-rl_caption=\"\" title=\"\"><img loading=\"lazy\" decoding=\"async\" class=\"alignnone size-full wp-image-23376\" src=\"https:\/\/enconecte.com\/wp-content\/uploads\/2023\/11\/Imagen-de-WhatsApp-2023-11-12-a-las-13.50.18_c5998f06.jpg\" alt=\"\" width=\"1599\" height=\"1066\" srcset=\"https:\/\/enconecte.com\/wp-content\/uploads\/2023\/11\/Imagen-de-WhatsApp-2023-11-12-a-las-13.50.18_c5998f06.jpg 1599w, https:\/\/enconecte.com\/wp-content\/uploads\/2023\/11\/Imagen-de-WhatsApp-2023-11-12-a-las-13.50.18_c5998f06-300x200.jpg 300w, https:\/\/enconecte.com\/wp-content\/uploads\/2023\/11\/Imagen-de-WhatsApp-2023-11-12-a-las-13.50.18_c5998f06-1024x683.jpg 1024w, https:\/\/enconecte.com\/wp-content\/uploads\/2023\/11\/Imagen-de-WhatsApp-2023-11-12-a-las-13.50.18_c5998f06-768x512.jpg 768w, https:\/\/enconecte.com\/wp-content\/uploads\/2023\/11\/Imagen-de-WhatsApp-2023-11-12-a-las-13.50.18_c5998f06-1536x1024.jpg 1536w\" sizes=\"auto, (max-width: 1599px) 100vw, 1599px\" \/><\/a> <a  href=\"https:\/\/enconecte.com\/wp-content\/uploads\/2023\/11\/Imagen-de-WhatsApp-2023-11-12-a-las-14.00.18_7e6394e5.jpg\" data-rel=\"lightbox-gallery-0\" data-rl_title=\"\" data-rl_caption=\"\" title=\"\"><img loading=\"lazy\" decoding=\"async\" class=\"alignnone size-full wp-image-23375\" src=\"https:\/\/enconecte.com\/wp-content\/uploads\/2023\/11\/Imagen-de-WhatsApp-2023-11-12-a-las-14.00.18_7e6394e5.jpg\" alt=\"\" width=\"1200\" height=\"800\" srcset=\"https:\/\/enconecte.com\/wp-content\/uploads\/2023\/11\/Imagen-de-WhatsApp-2023-11-12-a-las-14.00.18_7e6394e5.jpg 1200w, https:\/\/enconecte.com\/wp-content\/uploads\/2023\/11\/Imagen-de-WhatsApp-2023-11-12-a-las-14.00.18_7e6394e5-300x200.jpg 300w, https:\/\/enconecte.com\/wp-content\/uploads\/2023\/11\/Imagen-de-WhatsApp-2023-11-12-a-las-14.00.18_7e6394e5-1024x683.jpg 1024w, https:\/\/enconecte.com\/wp-content\/uploads\/2023\/11\/Imagen-de-WhatsApp-2023-11-12-a-las-14.00.18_7e6394e5-768x512.jpg 768w\" sizes=\"auto, (max-width: 1200px) 100vw, 1200px\" \/><\/a><\/p>\n<p>El homenajeado expres\u00f3 el honor que le representa despedirse no solo del municipio, sino del estado. Describi\u00f3 la plaza como muy torera y expres\u00f3 su deseo de regresar a este lugar las veces que sea posible, acompa\u00f1ado de su hijo, el rejoneador Guillermo Hermoso de Mendoza.<\/p>\n<p>Posteriormente, Pablo Hermoso de Mendoza plasm\u00f3 sus manos con la finalidad de realizar el molde que permitir\u00e1 crear una escultura alusiva a su\u00a0arte\u00a0taurino.<\/p>\n","protected":false},"excerpt":{"rendered":"<p>La historia del mejor rejoneador del mundo, Pablo Hermoso de Mendoza, en Jerez, qued\u00f3 plasmada en la plaza de toros La Jerezana, donde el doctor Jos\u00e9 Humberto Salazar Contreras, presidente municipal, devel\u00f3 un mural dedicado al caballista espa\u00f1ol. El mural es coautor\u00eda de los artistas jerezanos Lidio Pinedo, V\u00edctor Iturriaga y Antonio Carrillo. A su [&hellip;]<\/p>\n","protected":false},"author":9,"featured_media":23377,"comment_status":"closed","ping_status":"closed","sticky":false,"template":"","format":"standard","meta":{"footnotes":""},"categories":[4,1370],"tags":[],"class_list":["post-23374","post","type-post","status-publish","format-standard","has-post-thumbnail","hentry","category-entretenimiento","category-jerez"],"_links":{"self":[{"href":"https:\/\/enconecte.com\/index.php?rest_route=\/wp\/v2\/posts\/23374","targetHints":{"allow":["GET"]}}],"collection":[{"href":"https:\/\/enconecte.com\/index.php?rest_route=\/wp\/v2\/posts"}],"about":[{"href":"https:\/\/enconecte.com\/index.php?rest_route=\/wp\/v2\/types\/post"}],"author":[{"embeddable":true,"href":"https:\/\/enconecte.com\/index.php?rest_route=\/wp\/v2\/users\/9"}],"replies":[{"embeddable":true,"href":"https:\/\/enconecte.com\/index.php?rest_route=%2Fwp%2Fv2%2Fcomments&post=23374"}],"version-history":[{"count":0,"href":"https:\/\/enconecte.com\/index.php?rest_route=\/wp\/v2\/posts\/23374\/revisions"}],"wp:featuredmedia":[{"embeddable":true,"href":"https:\/\/enconecte.com\/index.php?rest_route=\/wp\/v2\/media\/23377"}],"wp:attachment":[{"href":"https:\/\/enconecte.com\/index.php?rest_route=%2Fwp%2Fv2%2Fmedia&parent=23374"}],"wp:term":[{"taxonomy":"category","embeddable":true,"href":"https:\/\/enconecte.com\/index.php?rest_route=%2Fwp%2Fv2%2Fcategories&post=23374"},{"taxonomy":"post_tag","embeddable":true,"href":"https:\/\/enconecte.com\/index.php?rest_route=%2Fwp%2Fv2%2Ftags&post=23374"}],"curies":[{"name":"wp","href":"https:\/\/api.w.org\/{rel}","templated":true}]}}