{"id":23371,"date":"2023-11-11T22:38:47","date_gmt":"2023-11-12T04:38:47","guid":{"rendered":"https:\/\/enconecte.com\/?p=23371"},"modified":"2023-11-26T23:20:07","modified_gmt":"2023-11-27T05:20:07","slug":"celebracion-ciclista-en-la-primer-edicion-del-jerez-bike-fest","status":"publish","type":"post","link":"https:\/\/enconecte.com\/?p=23371","title":{"rendered":"CELEBRACI\u00d3N CICLISTA EN LA PRIMER EDICI\u00d3N DEL JEREZ BIKE FEST"},"content":{"rendered":"<p>Con un ambiente totalmente familiar, se llev\u00f3 a cabo la primera edici\u00f3n del Jerez Bike Fest, un evento deportivo que tuvo lugar en el coraz\u00f3n del pueblo m\u00e1gico m\u00e1s alegre, Jerez.<\/p>\n<p>El evento consisti\u00f3 en un paseo por varios puntos tur\u00edsticos de Jerez y el regreso al Portillo, en la Sierra de los Cardos, en un recorrido de 47 km. El evento se dividi\u00f3 en dos partes: un paseo ciclista desde el centro hasta la zona serrana y una competencia con escalada cronometrada.<\/p>\n<p>Esta iniciativa fue organizada por Sport Bike y cont\u00f3 con el respaldo del gobierno municipal 2021-2024 a trav\u00e9s de la coordinaci\u00f3n del Deporte.<\/p>\n<p>Para dar inicio a esta convivencia deportiva, Iv\u00e1n Mart\u00ednez Carillo, presidente del Club Sport Bike, explic\u00f3 que esta fiesta se organiz\u00f3 para todos los ciclistas como una forma de celebrar el final de la temporada de este deporte y disfrutar de los diversos espacios naturales.<\/p>\n<p>El Dr. Jos\u00e9 Humberto Salazar Contreras, presidente municipal de Jerez, dio la bienvenida a los jerezanos y a los visitantes.<\/p>\n<p>Luego, junto a ellos, se dio inicio oficial a esta celebraci\u00f3n, que cont\u00f3 con la participaci\u00f3n de m\u00e1s de 300 ciclistas.<br \/>\nLuis Mario Mart\u00ednez Aparicio y el Mtro. Enrique Saucedo Moreno, regidores, el Lic. David Jossafat de la Torre, director de Desarrollo Econ\u00f3mico y Social, el Arq. Alfredo Mar\u00edn Luna, director de Obras y Servicios P\u00fablicos, el Mtro. Marco Antonio Valenzuela Esquivel, director del SIMAPAJ, el Prof. Armando Qui\u00f1ones Ortiz, coordinador del Deporte, y el Lic. Marco Vargas, coordinador de Gesti\u00f3n de la Sierra, estuvieron presentes en el evento.<\/p>\n<p><a  href=\"https:\/\/enconecte.com\/wp-content\/uploads\/2023\/11\/Imagen-de-WhatsApp-2023-11-11-a-las-18.27.46_09cdaca7.jpg\" data-rel=\"lightbox-gallery-0\" data-rl_title=\"\" data-rl_caption=\"\" title=\"\"><img loading=\"lazy\" decoding=\"async\" class=\"alignnone size-full wp-image-23373\" src=\"https:\/\/enconecte.com\/wp-content\/uploads\/2023\/11\/Imagen-de-WhatsApp-2023-11-11-a-las-18.27.46_09cdaca7.jpg\" alt=\"\" width=\"1600\" height=\"1200\" srcset=\"https:\/\/enconecte.com\/wp-content\/uploads\/2023\/11\/Imagen-de-WhatsApp-2023-11-11-a-las-18.27.46_09cdaca7.jpg 1600w, https:\/\/enconecte.com\/wp-content\/uploads\/2023\/11\/Imagen-de-WhatsApp-2023-11-11-a-las-18.27.46_09cdaca7-300x225.jpg 300w, https:\/\/enconecte.com\/wp-content\/uploads\/2023\/11\/Imagen-de-WhatsApp-2023-11-11-a-las-18.27.46_09cdaca7-1024x768.jpg 1024w, https:\/\/enconecte.com\/wp-content\/uploads\/2023\/11\/Imagen-de-WhatsApp-2023-11-11-a-las-18.27.46_09cdaca7-768x576.jpg 768w, https:\/\/enconecte.com\/wp-content\/uploads\/2023\/11\/Imagen-de-WhatsApp-2023-11-11-a-las-18.27.46_09cdaca7-1536x1152.jpg 1536w\" sizes=\"auto, (max-width: 1600px) 100vw, 1600px\" \/><\/a><\/p>\n<p>Los asistentes a esta fiesta deportiva llegaron desde diferentes municipios y estados, como Calera, Morelos, R\u00edo Grande, Tlaltenango, Fresnillo, Zacatecas, Guadalupe, Aguascalientes, Durango, Jalisco, entre otros. Al final del evento, se premi\u00f3 a los participantes con medallas.<\/p>\n<p>Aquellos que compitieron y obtuvieron un lugar en el podio fueron reconocidos con premios en efectivo y art\u00edculos deportivos. En total, la bolsa de premios super\u00f3\u00a0los\u00a0$10,000.00.<\/p>\n","protected":false},"excerpt":{"rendered":"<p>Con un ambiente totalmente familiar, se llev\u00f3 a cabo la primera edici\u00f3n del Jerez Bike Fest, un evento deportivo que tuvo lugar en el coraz\u00f3n del pueblo m\u00e1gico m\u00e1s alegre, Jerez. El evento consisti\u00f3 en un paseo por varios puntos tur\u00edsticos de Jerez y el regreso al Portillo, en la Sierra de los Cardos, en [&hellip;]<\/p>\n","protected":false},"author":9,"featured_media":23372,"comment_status":"closed","ping_status":"closed","sticky":false,"template":"","format":"standard","meta":{"footnotes":""},"categories":[1370],"tags":[],"class_list":["post-23371","post","type-post","status-publish","format-standard","has-post-thumbnail","hentry","category-jerez"],"_links":{"self":[{"href":"https:\/\/enconecte.com\/index.php?rest_route=\/wp\/v2\/posts\/23371","targetHints":{"allow":["GET"]}}],"collection":[{"href":"https:\/\/enconecte.com\/index.php?rest_route=\/wp\/v2\/posts"}],"about":[{"href":"https:\/\/enconecte.com\/index.php?rest_route=\/wp\/v2\/types\/post"}],"author":[{"embeddable":true,"href":"https:\/\/enconecte.com\/index.php?rest_route=\/wp\/v2\/users\/9"}],"replies":[{"embeddable":true,"href":"https:\/\/enconecte.com\/index.php?rest_route=%2Fwp%2Fv2%2Fcomments&post=23371"}],"version-history":[{"count":0,"href":"https:\/\/enconecte.com\/index.php?rest_route=\/wp\/v2\/posts\/23371\/revisions"}],"wp:featuredmedia":[{"embeddable":true,"href":"https:\/\/enconecte.com\/index.php?rest_route=\/wp\/v2\/media\/23372"}],"wp:attachment":[{"href":"https:\/\/enconecte.com\/index.php?rest_route=%2Fwp%2Fv2%2Fmedia&parent=23371"}],"wp:term":[{"taxonomy":"category","embeddable":true,"href":"https:\/\/enconecte.com\/index.php?rest_route=%2Fwp%2Fv2%2Fcategories&post=23371"},{"taxonomy":"post_tag","embeddable":true,"href":"https:\/\/enconecte.com\/index.php?rest_route=%2Fwp%2Fv2%2Ftags&post=23371"}],"curies":[{"name":"wp","href":"https:\/\/api.w.org\/{rel}","templated":true}]}}