{"id":23367,"date":"2023-11-11T22:35:48","date_gmt":"2023-11-12T04:35:48","guid":{"rendered":"https:\/\/enconecte.com\/?p=23367"},"modified":"2023-11-26T23:20:07","modified_gmt":"2023-11-27T05:20:07","slug":"tendra-jerez-cancha-de-futbol-con-perspectiva-de-genero-en-el-complejo-deportivo-sur","status":"publish","type":"post","link":"https:\/\/enconecte.com\/?p=23367","title":{"rendered":"TENDR\u00c1 JEREZ CANCHA DE F\u00daTBOL CON PERSPECTIVA DE G\u00c9NERO EN EL COMPLEJO DEPORTIVO SUR"},"content":{"rendered":"<p>El doctor Salazar dio el banderazo a los trabajos para la colocaci\u00f3n del pasto sint\u00e9tico<\/p>\n<p>Como parte del proyecto de impulso al deporte y espacios p\u00fablicos dignos, se han iniciado los trabajos para la colocaci\u00f3n de c\u00e9sped artificial en la cancha de f\u00fatbol del Complejo Deportivo Sur, ubicado detr\u00e1s del Auditorio Genaro Borrego. Este complejo se convertir\u00e1 en un espacio con una perspectiva de g\u00e9nero, donde las l\u00edneas reglamentarias se marcar\u00e1n en color rosa, siguiendo la disposici\u00f3n del doctor Humberto Salazar de que sea un lugar de uso prioritario para el f\u00fatbol femenino.<\/p>\n<p>Durante la ceremonia de inicio de los trabajos, el alcalde destac\u00f3 que en su gobierno se preocupa por la formaci\u00f3n de ni\u00f1os y j\u00f3venes m\u00e1s saludables tanto f\u00edsica como mentalmente. Por ello, se est\u00e1 prestando atenci\u00f3n al rescate de espacios como el Complejo Deportivo Sur y el Estadio de F\u00fatbol Ram\u00f3n L\u00f3pez Velarde. En este \u00faltimo, se est\u00e1n construyendo nuevos sanitarios y se est\u00e1n llevando a cabo otros trabajos de remodelaci\u00f3n para hacerlo m\u00e1s digno. Adem\u00e1s, mencion\u00f3 el proyecto de la alameda y otros parques y jardines en el municipio que promover\u00e1n un ambiente familiar.<\/p>\n<p>El alcalde se\u00f1al\u00f3 que el Complejo Deportivo Sur, junto con el parque vehicular y la nueva Ciudad Gobierno proyectada al lado del auditorio, representan un punto de desarrollo para la cabecera municipal y marcan el inicio de un cambio en el rumbo del municipio, despu\u00e9s de haber estado rezagado durante 30 o 40 a\u00f1os o m\u00e1s.<\/p>\n<p><a  href=\"https:\/\/enconecte.com\/wp-content\/uploads\/2023\/11\/Imagen-de-WhatsApp-2023-11-11-a-las-13.10.12_67f14872.jpg\" data-rel=\"lightbox-gallery-0\" data-rl_title=\"\" data-rl_caption=\"\" title=\"\"><img loading=\"lazy\" decoding=\"async\" class=\"alignnone size-full wp-image-23369\" src=\"https:\/\/enconecte.com\/wp-content\/uploads\/2023\/11\/Imagen-de-WhatsApp-2023-11-11-a-las-13.10.12_67f14872.jpg\" alt=\"\" width=\"1200\" height=\"800\" srcset=\"https:\/\/enconecte.com\/wp-content\/uploads\/2023\/11\/Imagen-de-WhatsApp-2023-11-11-a-las-13.10.12_67f14872.jpg 1200w, https:\/\/enconecte.com\/wp-content\/uploads\/2023\/11\/Imagen-de-WhatsApp-2023-11-11-a-las-13.10.12_67f14872-300x200.jpg 300w, https:\/\/enconecte.com\/wp-content\/uploads\/2023\/11\/Imagen-de-WhatsApp-2023-11-11-a-las-13.10.12_67f14872-1024x683.jpg 1024w, https:\/\/enconecte.com\/wp-content\/uploads\/2023\/11\/Imagen-de-WhatsApp-2023-11-11-a-las-13.10.12_67f14872-768x512.jpg 768w\" sizes=\"auto, (max-width: 1200px) 100vw, 1200px\" \/><\/a><\/p>\n<p>Seg\u00fan lo explicado por el director de Obras y Servicios P\u00fablicos, Alfredo Mar\u00edn Luna, las acciones a realizar en la cancha femenil incluyen el corte de terreno, la mejora de la base hidr\u00e1ulica, la compactaci\u00f3n, el riego de liga, la nivelaci\u00f3n y finalmente la colocaci\u00f3n del c\u00e9sped artificial. Adem\u00e1s, el proyecto general contempla \u00e1reas de juegos infantiles, canchas, asadores, sanitarios y estacionamiento. Tambi\u00e9n se delimitar\u00e1 un acceso propio y se llevar\u00e1 a cabo la iluminaci\u00f3n como parte de un proyecto alterno.<\/p>\n<p>Durante el evento, que gener\u00f3 entusiasmo entre las futbolistas y dirigentes de equipos, as\u00ed como la Liga Municipal de F\u00fatbol varonil liderada por Gustavo de Santiago, estuvieron presentes los regidores Ana Yahaira F\u00e9lix Rivera, Martha Alamillo Guzm\u00e1n, Elizabeth Murillo Guerrero, Enrique Saucedo Moreno y el comisionado del \u00e1rea de juventud y deporte, Luis Mario Mart\u00ednez Aparicio, adem\u00e1s del director de Desarrollo Econ\u00f3mico y Social David Josafat de la Torre Pinedo, del SIMAPAJ Marco Antonio Valenzuela Esquivel, el titular del Comit\u00e9 Municipal del Deporte Armando Qui\u00f1ones Ortiz y el coordinador de gesti\u00f3n de comunidades de la sierra, Marco Antonio Vargas Duarte.<\/p>\n<p>Gustavo de Santiago reconoci\u00f3 el trabajo que se est\u00e1 realizando en el \u00e1mbito deportivo y afirm\u00f3 que no se hab\u00eda visto un nuevo espacio deportivo para el f\u00fatbol jerezano en muchos a\u00f1os. Aunque este complejo estar\u00e1 prioritariamente destinado a las mujeres, tambi\u00e9n podr\u00e1 ser utilizado por la liga varonil sin afectar el desarrollo del f\u00fatbol femenino, lo que contribuye a resolver conflictos que se hab\u00edan generado en el pasado\u00a0sin\u00a0intenci\u00f3n.<\/p>\n","protected":false},"excerpt":{"rendered":"<p>El doctor Salazar dio el banderazo a los trabajos para la colocaci\u00f3n del pasto sint\u00e9tico Como parte del proyecto de impulso al deporte y espacios p\u00fablicos dignos, se han iniciado los trabajos para la colocaci\u00f3n de c\u00e9sped artificial en la cancha de f\u00fatbol del Complejo Deportivo Sur, ubicado detr\u00e1s del Auditorio Genaro Borrego. Este complejo [&hellip;]<\/p>\n","protected":false},"author":9,"featured_media":23368,"comment_status":"closed","ping_status":"closed","sticky":false,"template":"","format":"standard","meta":{"footnotes":""},"categories":[1370],"tags":[],"class_list":["post-23367","post","type-post","status-publish","format-standard","has-post-thumbnail","hentry","category-jerez"],"_links":{"self":[{"href":"https:\/\/enconecte.com\/index.php?rest_route=\/wp\/v2\/posts\/23367","targetHints":{"allow":["GET"]}}],"collection":[{"href":"https:\/\/enconecte.com\/index.php?rest_route=\/wp\/v2\/posts"}],"about":[{"href":"https:\/\/enconecte.com\/index.php?rest_route=\/wp\/v2\/types\/post"}],"author":[{"embeddable":true,"href":"https:\/\/enconecte.com\/index.php?rest_route=\/wp\/v2\/users\/9"}],"replies":[{"embeddable":true,"href":"https:\/\/enconecte.com\/index.php?rest_route=%2Fwp%2Fv2%2Fcomments&post=23367"}],"version-history":[{"count":0,"href":"https:\/\/enconecte.com\/index.php?rest_route=\/wp\/v2\/posts\/23367\/revisions"}],"wp:featuredmedia":[{"embeddable":true,"href":"https:\/\/enconecte.com\/index.php?rest_route=\/wp\/v2\/media\/23368"}],"wp:attachment":[{"href":"https:\/\/enconecte.com\/index.php?rest_route=%2Fwp%2Fv2%2Fmedia&parent=23367"}],"wp:term":[{"taxonomy":"category","embeddable":true,"href":"https:\/\/enconecte.com\/index.php?rest_route=%2Fwp%2Fv2%2Fcategories&post=23367"},{"taxonomy":"post_tag","embeddable":true,"href":"https:\/\/enconecte.com\/index.php?rest_route=%2Fwp%2Fv2%2Ftags&post=23367"}],"curies":[{"name":"wp","href":"https:\/\/api.w.org\/{rel}","templated":true}]}}