{"id":23365,"date":"2023-11-10T22:33:21","date_gmt":"2023-11-11T04:33:21","guid":{"rendered":"https:\/\/enconecte.com\/?p=23365"},"modified":"2023-11-26T23:20:07","modified_gmt":"2023-11-27T05:20:07","slug":"exitosa-jornada-de-salud-para-ninos-de-la-guarderia-montse-en-jerez","status":"publish","type":"post","link":"https:\/\/enconecte.com\/?p=23365","title":{"rendered":"EXITOSA JORNADA DE SALUD PARA NI\u00d1OS DE LA GUARDER\u00cdA MONTSE EN JEREZ"},"content":{"rendered":"<p>El Sistema Municipal para el Desarrollo Integral de la Familia (DIF) de Jerez se complace en informar sobre el \u00e9xito de la jornada de salud llevada a cabo en colaboraci\u00f3n con la Guarder\u00eda Montse. Esta actividad se realiz\u00f3 como resultado de la firma de un convenio entre ambas instituciones, con el objetivo de garantizar la salud y el bienestar de los peque\u00f1os.<\/p>\n<p>Durante esta jornada, un equipo de profesionales de la salud se encarg\u00f3 de brindar atenci\u00f3n m\u00e9dica integral a un total de 43 ni\u00f1os que asisten a la Guarder\u00eda Montse. Los servicios m\u00e9dicos incluyeron ex\u00e1menes m\u00e9dicos generales, control de peso y talla, revisi\u00f3n dental.<\/p>\n<p>La se\u00f1ora Bertha Alicia Garc\u00eda Duarte, Presidenta del DIF Municipal de Jerez, expres\u00f3 su satisfacci\u00f3n por el resultado de esta colaboraci\u00f3n y destac\u00f3 la importancia de cuidar la salud de los ni\u00f1os desde una edad temprana. &#8220;Estamos comprometidos en asegurarnos de que los ni\u00f1os de Jerez crezcan sanos y fuertes, y esta jornada de salud es un paso importante hacia ese objetivo. Agradecemos a la Guarder\u00eda Montse por su confianza y colaboraci\u00f3n&#8221;, mencion\u00f3.<\/p>\n<p>El DIF Municipal de Jerez continuar\u00e1 trabajando en conjunto con la Guarder\u00eda Montse para asegurar que los ni\u00f1os de la localidad reciban la atenci\u00f3n m\u00e9dica y el cuidado que se merecen. Esta jornada de salud es solo el comienzo de una serie de actividades planeadas para fortalecer la salud y el desarrollo de los m\u00e1s peque\u00f1os.<\/p>\n<p>Para obtener m\u00e1s informaci\u00f3n sobre los programas y servicios ofrecidos por el DIF Municipal de Jerez, los invitamos a visitar las instalaciones del DIF Municipal de Jerez o ponerse en contacto mediante el tel\u00e9fono 494945 6121\u00a0y\u00a0494\u00a09453253<\/p>\n","protected":false},"excerpt":{"rendered":"<p>El Sistema Municipal para el Desarrollo Integral de la Familia (DIF) de Jerez se complace en informar sobre el \u00e9xito de la jornada de salud llevada a cabo en colaboraci\u00f3n con la Guarder\u00eda Montse. Esta actividad se realiz\u00f3 como resultado de la firma de un convenio entre ambas instituciones, con el objetivo de garantizar la [&hellip;]<\/p>\n","protected":false},"author":9,"featured_media":23366,"comment_status":"closed","ping_status":"closed","sticky":false,"template":"","format":"standard","meta":{"footnotes":""},"categories":[1370],"tags":[],"class_list":["post-23365","post","type-post","status-publish","format-standard","has-post-thumbnail","hentry","category-jerez"],"_links":{"self":[{"href":"https:\/\/enconecte.com\/index.php?rest_route=\/wp\/v2\/posts\/23365","targetHints":{"allow":["GET"]}}],"collection":[{"href":"https:\/\/enconecte.com\/index.php?rest_route=\/wp\/v2\/posts"}],"about":[{"href":"https:\/\/enconecte.com\/index.php?rest_route=\/wp\/v2\/types\/post"}],"author":[{"embeddable":true,"href":"https:\/\/enconecte.com\/index.php?rest_route=\/wp\/v2\/users\/9"}],"replies":[{"embeddable":true,"href":"https:\/\/enconecte.com\/index.php?rest_route=%2Fwp%2Fv2%2Fcomments&post=23365"}],"version-history":[{"count":0,"href":"https:\/\/enconecte.com\/index.php?rest_route=\/wp\/v2\/posts\/23365\/revisions"}],"wp:featuredmedia":[{"embeddable":true,"href":"https:\/\/enconecte.com\/index.php?rest_route=\/wp\/v2\/media\/23366"}],"wp:attachment":[{"href":"https:\/\/enconecte.com\/index.php?rest_route=%2Fwp%2Fv2%2Fmedia&parent=23365"}],"wp:term":[{"taxonomy":"category","embeddable":true,"href":"https:\/\/enconecte.com\/index.php?rest_route=%2Fwp%2Fv2%2Fcategories&post=23365"},{"taxonomy":"post_tag","embeddable":true,"href":"https:\/\/enconecte.com\/index.php?rest_route=%2Fwp%2Fv2%2Ftags&post=23365"}],"curies":[{"name":"wp","href":"https:\/\/api.w.org\/{rel}","templated":true}]}}