{"id":23353,"date":"2023-11-08T15:58:14","date_gmt":"2023-11-08T21:58:14","guid":{"rendered":"https:\/\/enconecte.com\/?p=23353"},"modified":"2023-11-26T23:20:08","modified_gmt":"2023-11-27T05:20:08","slug":"clausuran-campana-de-subregistros-y-soy-mexico-en-jerez-en-su-ultima-fecha","status":"publish","type":"post","link":"https:\/\/enconecte.com\/?p=23353","title":{"rendered":"CLAUSURAN CAMPA\u00d1A DE SUBREGISTROS Y SOY M\u00c9XICO EN JEREZ EN SU \u00daLTIMA FECHA"},"content":{"rendered":"<p>En repetidas ocasiones de este 2023, se llev\u00f3 a cabo las Campa\u00f1as de Subregistros y &#8220;Soy M\u00e9xico&#8221; en Jerez, espec\u00edficamente los pasados mi\u00e9rcoles 20 de septiembre, 11 de octubre y esta \u00faltima fecha, el 8 de noviembre, que marc\u00f3 el cierre. Estas campa\u00f1as fueron organizadas por la Oficial\u00eda de Registro Civil del municipio de Jerez, en colaboraci\u00f3n con la Direcci\u00f3n de Registro Civil del Estado de Zacatecas, y arrojaron resultados excelentes, especialmente en beneficio de la ciudadan\u00eda jerezana. Durante estos eventos, se ofrecieron servicios y la expedici\u00f3n de actas de manera totalmente gratuita. En total, se resolvieron alrededor de 170 tr\u00e1mites administrativos, se expidieron 1345 actas y se realizaron 110 inserciones de actas del programa Soy M\u00e9xico, todo ello sin costo alguno, beneficiando a m\u00e1s de 1400 jerezanos.<\/p>\n<p>La jornada comenz\u00f3 con palabras de agradecimiento de la Oficial del Registro Civil, Lic. Marina Miranda Sald\u00edvar, quien expres\u00f3 su gratitud por el apoyo de instancias municipales y estatales que contribuyeron al \u00e9xito de estas tres ediciones realizadas en 2023, gracias a los servicios gratuitos proporcionados. El secretario de Gobierno, Lic. H\u00e9ctor Hugo Ram\u00edrez Escobedo, destac\u00f3 la prioridad de este proyecto para un municipio como Jerez, con identidad migrante, y reconoci\u00f3 el avance en el acceso gratuito a este derecho esencial.<\/p>\n<p><a  href=\"https:\/\/enconecte.com\/wp-content\/uploads\/2023\/11\/Imagen-de-WhatsApp-2023-11-08-a-las-19.57.45_e7ef1e8c.jpg\" data-rel=\"lightbox-gallery-0\" data-rl_title=\"\" data-rl_caption=\"\" title=\"\"><img loading=\"lazy\" decoding=\"async\" class=\"alignnone size-full wp-image-23355\" src=\"https:\/\/enconecte.com\/wp-content\/uploads\/2023\/11\/Imagen-de-WhatsApp-2023-11-08-a-las-19.57.45_e7ef1e8c.jpg\" alt=\"\" width=\"1599\" height=\"1066\" srcset=\"https:\/\/enconecte.com\/wp-content\/uploads\/2023\/11\/Imagen-de-WhatsApp-2023-11-08-a-las-19.57.45_e7ef1e8c.jpg 1599w, https:\/\/enconecte.com\/wp-content\/uploads\/2023\/11\/Imagen-de-WhatsApp-2023-11-08-a-las-19.57.45_e7ef1e8c-300x200.jpg 300w, https:\/\/enconecte.com\/wp-content\/uploads\/2023\/11\/Imagen-de-WhatsApp-2023-11-08-a-las-19.57.45_e7ef1e8c-1024x683.jpg 1024w, https:\/\/enconecte.com\/wp-content\/uploads\/2023\/11\/Imagen-de-WhatsApp-2023-11-08-a-las-19.57.45_e7ef1e8c-768x512.jpg 768w, https:\/\/enconecte.com\/wp-content\/uploads\/2023\/11\/Imagen-de-WhatsApp-2023-11-08-a-las-19.57.45_e7ef1e8c-1536x1024.jpg 1536w\" sizes=\"auto, (max-width: 1599px) 100vw, 1599px\" \/><\/a><\/p>\n<p>En representaci\u00f3n del director de Registro Civil del Estado de Zacatecas, el Lic. C\u00e9sar Armando Jasso, mencion\u00f3 que la finalidad de este programa es acercarse a la gente y trabajar en conjunto con el municipio de Jerez. Durante la jornada, estuvieron presentes la Lic. Edith Noemi Ruiz, jefa del departamento de Atenci\u00f3n al Migrante, y los Lic. Ramiro Guzm\u00e1n y Alejandra Ruiz, auxiliares jur\u00eddicos, as\u00ed como personal del Registro Civil del municipio de Jerez.<\/p>\n<p>A pesar de que la jornada concluy\u00f3 m\u00e1s tarde de lo habitual, la Oficial del Registro Civil de Jerez se comprometi\u00f3, en nombre del municipio, con los asistentes a esta jornada. Aquellos que obtuvieron una ficha sellada y no pudieron completar el tr\u00e1mite debido al tiempo, podr\u00e1n realizarlo de forma gratuita presentando la misma ficha sellada los d\u00edas jueves y viernes de esta misma semana en las oficinas del Registro Civil ubicadas en la presidencia municipal\u00a0de\u00a0Jerez.<\/p>\n","protected":false},"excerpt":{"rendered":"<p>En repetidas ocasiones de este 2023, se llev\u00f3 a cabo las Campa\u00f1as de Subregistros y &#8220;Soy M\u00e9xico&#8221; en Jerez, espec\u00edficamente los pasados mi\u00e9rcoles 20 de septiembre, 11 de octubre y esta \u00faltima fecha, el 8 de noviembre, que marc\u00f3 el cierre. Estas campa\u00f1as fueron organizadas por la Oficial\u00eda de Registro Civil del municipio de Jerez, [&hellip;]<\/p>\n","protected":false},"author":9,"featured_media":23354,"comment_status":"closed","ping_status":"closed","sticky":false,"template":"","format":"standard","meta":{"footnotes":""},"categories":[1370],"tags":[],"class_list":["post-23353","post","type-post","status-publish","format-standard","has-post-thumbnail","hentry","category-jerez"],"_links":{"self":[{"href":"https:\/\/enconecte.com\/index.php?rest_route=\/wp\/v2\/posts\/23353","targetHints":{"allow":["GET"]}}],"collection":[{"href":"https:\/\/enconecte.com\/index.php?rest_route=\/wp\/v2\/posts"}],"about":[{"href":"https:\/\/enconecte.com\/index.php?rest_route=\/wp\/v2\/types\/post"}],"author":[{"embeddable":true,"href":"https:\/\/enconecte.com\/index.php?rest_route=\/wp\/v2\/users\/9"}],"replies":[{"embeddable":true,"href":"https:\/\/enconecte.com\/index.php?rest_route=%2Fwp%2Fv2%2Fcomments&post=23353"}],"version-history":[{"count":0,"href":"https:\/\/enconecte.com\/index.php?rest_route=\/wp\/v2\/posts\/23353\/revisions"}],"wp:featuredmedia":[{"embeddable":true,"href":"https:\/\/enconecte.com\/index.php?rest_route=\/wp\/v2\/media\/23354"}],"wp:attachment":[{"href":"https:\/\/enconecte.com\/index.php?rest_route=%2Fwp%2Fv2%2Fmedia&parent=23353"}],"wp:term":[{"taxonomy":"category","embeddable":true,"href":"https:\/\/enconecte.com\/index.php?rest_route=%2Fwp%2Fv2%2Fcategories&post=23353"},{"taxonomy":"post_tag","embeddable":true,"href":"https:\/\/enconecte.com\/index.php?rest_route=%2Fwp%2Fv2%2Ftags&post=23353"}],"curies":[{"name":"wp","href":"https:\/\/api.w.org\/{rel}","templated":true}]}}