{"id":23344,"date":"2023-11-08T15:42:01","date_gmt":"2023-11-08T21:42:01","guid":{"rendered":"https:\/\/enconecte.com\/?p=23344"},"modified":"2023-11-26T23:20:08","modified_gmt":"2023-11-27T05:20:08","slug":"legislatura-de-zacatecas-aprueba-fondos-especiales-para-el-bicentenario-de-la-feria-de-la-primavera-de-jerez","status":"publish","type":"post","link":"https:\/\/enconecte.com\/?p=23344","title":{"rendered":"LEGISLATURA DE ZACATECAS APRUEBA FONDOS ESPECIALES PARA EL BICENTENARIO DE LA FERIA DE LA PRIMAVERA DE JEREZ"},"content":{"rendered":"<p>La Legislatura del Estado de Zacatecas ha aprobado con unanimidad la iniciativa de punto de acuerdo que exhorta al titular de la Secretar\u00eda de Finanzas del Estado y a la titular de la Coordinaci\u00f3n de Planeaci\u00f3n del Gobierno del Estado a destinar y etiquetar un fondo especial en el Presupuesto de Egresos del a\u00f1o 2024 para apoyar la celebraci\u00f3n de la Feria de la Primavera de Jerez en el marco de sus 200 a\u00f1os de existencia.<\/p>\n<p>La votaci\u00f3n, que cont\u00f3 con 24 votos a favor, representa un firme compromiso por parte de los legisladores zacatecanos para respaldar esta hist\u00f3rica festividad en Jerez. La iniciativa fue promovida por el presidente municipal de Jerez, Humberto Salazar Contreras, y el presidente del Comit\u00e9 de Feria, Alonso S\u00e1nchez Bonilla, quienes han liderado las gestiones para asegurar el apoyo gubernamental a esta celebraci\u00f3n bicentenaria.<\/p>\n<p>La Feria de la Primavera de Jerez es un evento emblem\u00e1tico en el estado de Zacatecas y cuenta con una trayectoria de 200 a\u00f1os de existencia. Esta festividad no solo es un motivo de orgullo para la comunidad de Jerez, sino que tambi\u00e9n juega un papel fundamental en el desarrollo econ\u00f3mico y tur\u00edstico de la regi\u00f3n y del estado en su conjunto.<\/p>\n<p>La aprobaci\u00f3n de este punto de acuerdo es un paso significativo para garantizar que la Feria de la Primavera de Jerez en su bicentenario sea una celebraci\u00f3n memorable y se destaque como un importante polo de desarrollo econ\u00f3mico y tur\u00edstico tanto para Jerez como para todo el estado de Zacatecas.<\/p>\n<p>Los legisladores expresaron su apoyo un\u00e1nime a esta iniciativa con la convicci\u00f3n de que la Feria de la Primavera no solo representa una tradici\u00f3n arraigada en la cultura de Zacatecas, sino que tambi\u00e9n contribuye de manera significativa a la prosperidad econ\u00f3mica y al fomento del turismo en la regi\u00f3n.<\/p>\n<p>El presidente municipal de Jerez, Humberto Salazar Contreras, agradeci\u00f3 el respaldo de la Legislatura del Estado y destac\u00f3 la importancia de esta aprobaci\u00f3n para la comunidad de Jerez y para el estado en su conjunto. Asimismo, el presidente del Comit\u00e9 de Feria, Alonso S\u00e1nchez Bonilla, se mostr\u00f3 agradecido por la decisi\u00f3n un\u00e1nime de los legisladores y reafirm\u00f3 el compromiso de hacer de la celebraci\u00f3n del bicentenario de la Feria de la Primavera un evento inolvidable.<\/p>\n<p>Con esta aprobaci\u00f3n, la Feria de la Primavera de Jerez en su bicentenario se perfila como un acontecimiento de gran relevancia en la agenda del estado de Zacatecas para el a\u00f1o 2024, con la promesa de enriquecer la vida cultural y econ\u00f3mica\u00a0de\u00a0la\u00a0regi\u00f3n.<\/p>\n","protected":false},"excerpt":{"rendered":"<p>La Legislatura del Estado de Zacatecas ha aprobado con unanimidad la iniciativa de punto de acuerdo que exhorta al titular de la Secretar\u00eda de Finanzas del Estado y a la titular de la Coordinaci\u00f3n de Planeaci\u00f3n del Gobierno del Estado a destinar y etiquetar un fondo especial en el Presupuesto de Egresos del a\u00f1o 2024 [&hellip;]<\/p>\n","protected":false},"author":9,"featured_media":23346,"comment_status":"closed","ping_status":"closed","sticky":false,"template":"","format":"standard","meta":{"footnotes":""},"categories":[1370],"tags":[],"class_list":["post-23344","post","type-post","status-publish","format-standard","has-post-thumbnail","hentry","category-jerez"],"_links":{"self":[{"href":"https:\/\/enconecte.com\/index.php?rest_route=\/wp\/v2\/posts\/23344","targetHints":{"allow":["GET"]}}],"collection":[{"href":"https:\/\/enconecte.com\/index.php?rest_route=\/wp\/v2\/posts"}],"about":[{"href":"https:\/\/enconecte.com\/index.php?rest_route=\/wp\/v2\/types\/post"}],"author":[{"embeddable":true,"href":"https:\/\/enconecte.com\/index.php?rest_route=\/wp\/v2\/users\/9"}],"replies":[{"embeddable":true,"href":"https:\/\/enconecte.com\/index.php?rest_route=%2Fwp%2Fv2%2Fcomments&post=23344"}],"version-history":[{"count":0,"href":"https:\/\/enconecte.com\/index.php?rest_route=\/wp\/v2\/posts\/23344\/revisions"}],"wp:featuredmedia":[{"embeddable":true,"href":"https:\/\/enconecte.com\/index.php?rest_route=\/wp\/v2\/media\/23346"}],"wp:attachment":[{"href":"https:\/\/enconecte.com\/index.php?rest_route=%2Fwp%2Fv2%2Fmedia&parent=23344"}],"wp:term":[{"taxonomy":"category","embeddable":true,"href":"https:\/\/enconecte.com\/index.php?rest_route=%2Fwp%2Fv2%2Fcategories&post=23344"},{"taxonomy":"post_tag","embeddable":true,"href":"https:\/\/enconecte.com\/index.php?rest_route=%2Fwp%2Fv2%2Ftags&post=23344"}],"curies":[{"name":"wp","href":"https:\/\/api.w.org\/{rel}","templated":true}]}}