{"id":23339,"date":"2023-11-07T15:38:48","date_gmt":"2023-11-07T21:38:48","guid":{"rendered":"https:\/\/enconecte.com\/?p=23339"},"modified":"2023-11-26T23:20:08","modified_gmt":"2023-11-27T05:20:08","slug":"emocion-y-tradicion-en-su-maxima-expresion-premiacion-a-los-grupos-de-adulto-mayor-inapam-en-el-dia-de-muertos","status":"publish","type":"post","link":"https:\/\/enconecte.com\/?p=23339","title":{"rendered":"\u00a1EMOCI\u00d3N Y TRADICI\u00d3N EN SU M\u00c1XIMA EXPRESI\u00d3N! PREMIACI\u00d3N A LOS GRUPOS DE ADULTO MAYOR INAPAM EN EL D\u00cdA DE MUERTOS"},"content":{"rendered":"<p>El Sistema para el Desarrollo Integral de la Familia (DIF) Municipal se complace en anunciar la premiaci\u00f3n realizada en el marco de las festividades del D\u00eda de Muertos, en honor a los grupos de adultos mayores INAPAM que han contribuido significativamente a preservar nuestras tradiciones y valores como comunidad.<\/p>\n<p>La Sra. Bertha Alicia Garc\u00eda Duarte, Presidenta Honor\u00edfica del DIF Municipal, y la L.A.E. Roc\u00edo Azucena Ibarra Bautista, Directora del DIF Municipal, encabezaron esta emotiva celebraci\u00f3n que reconoci\u00f3 el compromiso y la dedicaci\u00f3n de nuestros adultos mayores en la promoci\u00f3n de las costumbres que enriquecen nuestra identidad cultural.<\/p>\n<p>En su discurso, la Sra. Bertha Alicia Garc\u00eda Duarte destac\u00f3 la importancia de seguir fomentando los valores y las actividades que fortalecen los lazos familiares y rescatan las tradiciones que, con el paso del tiempo, tienden a desvanecerse. Subray\u00f3 la necesidad de mantener viva la esencia de nuestras ra\u00edces y legados culturales, y agradeci\u00f3 a los grupos de adultos mayores por su valiosa contribuci\u00f3n en este esfuerzo.<\/p>\n<p>En esta inspiradora actividad, participaron un total de 10 grupos de adultos mayores, quienes pusieron su coraz\u00f3n y creatividad en la elaboraci\u00f3n de altares de muertos, transmitiendo as\u00ed la riqueza de nuestra cultura a las generaciones futuras. Los resultados de la premiaci\u00f3n fueron los siguientes:<\/p>\n<p>*Primer Lugar: Grupo Unidas de Coraz\u00f3n*<br \/>\n&#8211; Ubicaci\u00f3n: Grupo de la 18 de Julio<br \/>\n*Segundo Lugar: Grupo Chicas del Oto\u00f1o*<br \/>\n&#8211; Ubicaci\u00f3n: Grupo del CDC Artesanal<br \/>\n*Tercer Lugar (Empate): Grupo Crucero del Amor*<br \/>\n&#8211; Ubicaci\u00f3n: Grupo del CDC CEBIS<br \/>\n*Tercer Lugar (Empate): Grupo Bello Atardecer*<br \/>\n&#8211; Ubicaci\u00f3n: Grupo del CDC San Isidro<\/p>\n<p><a  href=\"https:\/\/enconecte.com\/wp-content\/uploads\/2023\/11\/Imagen-de-WhatsApp-2023-11-07-a-las-18.06.30_2032d8d1.jpg\" data-rel=\"lightbox-gallery-0\" data-rl_title=\"\" data-rl_caption=\"\" title=\"\"><img loading=\"lazy\" decoding=\"async\" class=\"alignnone size-full wp-image-23342\" src=\"https:\/\/enconecte.com\/wp-content\/uploads\/2023\/11\/Imagen-de-WhatsApp-2023-11-07-a-las-18.06.30_2032d8d1.jpg\" alt=\"\" width=\"1280\" height=\"853\" srcset=\"https:\/\/enconecte.com\/wp-content\/uploads\/2023\/11\/Imagen-de-WhatsApp-2023-11-07-a-las-18.06.30_2032d8d1.jpg 1280w, https:\/\/enconecte.com\/wp-content\/uploads\/2023\/11\/Imagen-de-WhatsApp-2023-11-07-a-las-18.06.30_2032d8d1-300x200.jpg 300w, https:\/\/enconecte.com\/wp-content\/uploads\/2023\/11\/Imagen-de-WhatsApp-2023-11-07-a-las-18.06.30_2032d8d1-1024x682.jpg 1024w, https:\/\/enconecte.com\/wp-content\/uploads\/2023\/11\/Imagen-de-WhatsApp-2023-11-07-a-las-18.06.30_2032d8d1-768x512.jpg 768w\" sizes=\"auto, (max-width: 1280px) 100vw, 1280px\" \/><\/a><\/p>\n<p>Este empate en el tercer lugar demuestra la calidad y el esfuerzo que todos los grupos participantes pusieron en sus altares, lo que hace que cada uno de ellos sea digno de reconocimiento y admiraci\u00f3n.<\/p>\n<p>El DIF Municipal felicita a todos los grupos de adultos mayores INAPAM por su compromiso y dedicaci\u00f3n en la preservaci\u00f3n de nuestras tradiciones y valores culturales. Agradecemos su participaci\u00f3n en esta actividad y esperamos que contin\u00faen siendo una fuente de inspiraci\u00f3n para nuestra comunidad.<br \/>\nSeguimos trabajando juntos para fortalecer los lazos familiares y enriquecer nuestra herencia cultural. \u00a1Felicidades a todos los premiados y\u00a0participantes!<\/p>\n","protected":false},"excerpt":{"rendered":"<p>El Sistema para el Desarrollo Integral de la Familia (DIF) Municipal se complace en anunciar la premiaci\u00f3n realizada en el marco de las festividades del D\u00eda de Muertos, en honor a los grupos de adultos mayores INAPAM que han contribuido significativamente a preservar nuestras tradiciones y valores como comunidad. La Sra. Bertha Alicia Garc\u00eda Duarte, [&hellip;]<\/p>\n","protected":false},"author":9,"featured_media":23341,"comment_status":"closed","ping_status":"closed","sticky":false,"template":"","format":"standard","meta":{"footnotes":""},"categories":[1370],"tags":[],"class_list":["post-23339","post","type-post","status-publish","format-standard","has-post-thumbnail","hentry","category-jerez"],"_links":{"self":[{"href":"https:\/\/enconecte.com\/index.php?rest_route=\/wp\/v2\/posts\/23339","targetHints":{"allow":["GET"]}}],"collection":[{"href":"https:\/\/enconecte.com\/index.php?rest_route=\/wp\/v2\/posts"}],"about":[{"href":"https:\/\/enconecte.com\/index.php?rest_route=\/wp\/v2\/types\/post"}],"author":[{"embeddable":true,"href":"https:\/\/enconecte.com\/index.php?rest_route=\/wp\/v2\/users\/9"}],"replies":[{"embeddable":true,"href":"https:\/\/enconecte.com\/index.php?rest_route=%2Fwp%2Fv2%2Fcomments&post=23339"}],"version-history":[{"count":0,"href":"https:\/\/enconecte.com\/index.php?rest_route=\/wp\/v2\/posts\/23339\/revisions"}],"wp:featuredmedia":[{"embeddable":true,"href":"https:\/\/enconecte.com\/index.php?rest_route=\/wp\/v2\/media\/23341"}],"wp:attachment":[{"href":"https:\/\/enconecte.com\/index.php?rest_route=%2Fwp%2Fv2%2Fmedia&parent=23339"}],"wp:term":[{"taxonomy":"category","embeddable":true,"href":"https:\/\/enconecte.com\/index.php?rest_route=%2Fwp%2Fv2%2Fcategories&post=23339"},{"taxonomy":"post_tag","embeddable":true,"href":"https:\/\/enconecte.com\/index.php?rest_route=%2Fwp%2Fv2%2Ftags&post=23339"}],"curies":[{"name":"wp","href":"https:\/\/api.w.org\/{rel}","templated":true}]}}