{"id":23335,"date":"2023-11-07T15:37:43","date_gmt":"2023-11-07T21:37:43","guid":{"rendered":"https:\/\/enconecte.com\/?p=23335"},"modified":"2023-11-26T23:20:08","modified_gmt":"2023-11-27T05:20:08","slug":"alianza-para-la-inclusion-smdif-jerez-y-usaer-juan-manuel-campa-salazar-firman-convenio-en-materia-de-salud","status":"publish","type":"post","link":"https:\/\/enconecte.com\/?p=23335","title":{"rendered":"ALIANZA PARA LA INCLUSI\u00d3N: SMDIF JEREZ Y USAER &#8220;JUAN MANUEL CAMPA SALAZAR&#8221; FIRMAN CONVENIO EN MATERIA DE SALUD"},"content":{"rendered":"<p>El d\u00eda de hoy el Sistema Municipal para el Desarrollo Integral de la Familia (SMDIF) de Jerez llev\u00f3 a cabo la firma de un importante convenio de colaboraci\u00f3n con la Unidad de Servicio de Apoyo a la Educaci\u00f3n Regular (USAER) &#8220;Juan Manuel Campa Salazar&#8221;. Este acuerdo tiene como objetivo principal fortalecer el apoyo en tema de salud a estudiantes con discapacidades y necesidades educativas especiales en el municipio.<\/p>\n<p>La ceremonia de firma de convenio tuvo lugar en la Escuela Primaria Guillermo Prieto, que fue la sede de este relevante evento. La Directora del DIF Municipal, L.A.E. Roc\u00edo Azucena Ibarra Bautista, expres\u00f3 su agradecimiento a la Maestra Andrea Dom\u00ednguez Carrillo, directora de la Escuela Primaria Guillermo Prieto, por su hospitalidad y apoyo en la realizaci\u00f3n de este evento.<\/p>\n<p>La directora Ibarra Bautista tambi\u00e9n destac\u00f3 la importancia de la colaboraci\u00f3n con la USAER &#8220;Juan Manuel Campa Salazar&#8221; y agradeci\u00f3 a su directora, la Maestra Lidia Ang\u00e9lica Ramos Torres, por desempe\u00f1ar un papel crucial en el apoyo a los estudiantes con discapacidades y necesidades educativas especiales en la regi\u00f3n que contempla.<\/p>\n<p>En su intervenci\u00f3n, la Directora del DIF Roc\u00edo Ibarra enfatiz\u00f3 el compromiso continuo de la instituci\u00f3n con los sectores m\u00e1s vulnerables de la comunidad, siguiendo las instrucciones del Presidente Municipal, Dr. Jos\u00e9 Humberto Salazar Contreras, y su esposa, la se\u00f1ora Bertha Alicia Garc\u00eda Duarte.<\/p>\n<p><a  href=\"https:\/\/enconecte.com\/wp-content\/uploads\/2023\/11\/Imagen-de-WhatsApp-2023-11-07-a-las-12.50.18_712ad0f9.jpg\" data-rel=\"lightbox-gallery-0\" data-rl_title=\"\" data-rl_caption=\"\" title=\"\"><img loading=\"lazy\" decoding=\"async\" class=\"alignnone size-full wp-image-23337\" src=\"https:\/\/enconecte.com\/wp-content\/uploads\/2023\/11\/Imagen-de-WhatsApp-2023-11-07-a-las-12.50.18_712ad0f9.jpg\" alt=\"\" width=\"1280\" height=\"853\" srcset=\"https:\/\/enconecte.com\/wp-content\/uploads\/2023\/11\/Imagen-de-WhatsApp-2023-11-07-a-las-12.50.18_712ad0f9.jpg 1280w, https:\/\/enconecte.com\/wp-content\/uploads\/2023\/11\/Imagen-de-WhatsApp-2023-11-07-a-las-12.50.18_712ad0f9-300x200.jpg 300w, https:\/\/enconecte.com\/wp-content\/uploads\/2023\/11\/Imagen-de-WhatsApp-2023-11-07-a-las-12.50.18_712ad0f9-1024x682.jpg 1024w, https:\/\/enconecte.com\/wp-content\/uploads\/2023\/11\/Imagen-de-WhatsApp-2023-11-07-a-las-12.50.18_712ad0f9-768x512.jpg 768w\" sizes=\"auto, (max-width: 1280px) 100vw, 1280px\" \/><\/a><\/p>\n<p>Este convenio representa un paso importante en la promoci\u00f3n de la inclusi\u00f3n y el acceso a la educaci\u00f3n de calidad para todos los estudiantes en Jerez, Zacatecas. La Escuela Primaria Guillermo Prieto es la primera de cinco escuelas que se beneficiar\u00e1n de este acuerdo, todas pertenecientes a la regi\u00f3n de USAER &#8220;Juan Manuel Campa Salazar&#8221;. En esta escuela, se atendieron a 39 infantes en materia de salud como parte de los servicios proporcionados por el DIF.<\/p>\n<p>La firma de este convenio es un testimonio del compromiso de las instituciones involucradas para mejorar la calidad de vida y las oportunidades educativas de los estudiantes con discapacidades en Jerez. Se espera que esta colaboraci\u00f3n contin\u00fae dando frutos positivos en el futuro y que m\u00e1s estudiantes puedan recibir el apoyo que necesitan para alcanzar su m\u00e1ximo potencial\u00a0educativo.<\/p>\n","protected":false},"excerpt":{"rendered":"<p>El d\u00eda de hoy el Sistema Municipal para el Desarrollo Integral de la Familia (SMDIF) de Jerez llev\u00f3 a cabo la firma de un importante convenio de colaboraci\u00f3n con la Unidad de Servicio de Apoyo a la Educaci\u00f3n Regular (USAER) &#8220;Juan Manuel Campa Salazar&#8221;. Este acuerdo tiene como objetivo principal fortalecer el apoyo en tema [&hellip;]<\/p>\n","protected":false},"author":9,"featured_media":23338,"comment_status":"closed","ping_status":"closed","sticky":false,"template":"","format":"standard","meta":{"footnotes":""},"categories":[1370],"tags":[],"class_list":["post-23335","post","type-post","status-publish","format-standard","has-post-thumbnail","hentry","category-jerez"],"_links":{"self":[{"href":"https:\/\/enconecte.com\/index.php?rest_route=\/wp\/v2\/posts\/23335","targetHints":{"allow":["GET"]}}],"collection":[{"href":"https:\/\/enconecte.com\/index.php?rest_route=\/wp\/v2\/posts"}],"about":[{"href":"https:\/\/enconecte.com\/index.php?rest_route=\/wp\/v2\/types\/post"}],"author":[{"embeddable":true,"href":"https:\/\/enconecte.com\/index.php?rest_route=\/wp\/v2\/users\/9"}],"replies":[{"embeddable":true,"href":"https:\/\/enconecte.com\/index.php?rest_route=%2Fwp%2Fv2%2Fcomments&post=23335"}],"version-history":[{"count":0,"href":"https:\/\/enconecte.com\/index.php?rest_route=\/wp\/v2\/posts\/23335\/revisions"}],"wp:featuredmedia":[{"embeddable":true,"href":"https:\/\/enconecte.com\/index.php?rest_route=\/wp\/v2\/media\/23338"}],"wp:attachment":[{"href":"https:\/\/enconecte.com\/index.php?rest_route=%2Fwp%2Fv2%2Fmedia&parent=23335"}],"wp:term":[{"taxonomy":"category","embeddable":true,"href":"https:\/\/enconecte.com\/index.php?rest_route=%2Fwp%2Fv2%2Fcategories&post=23335"},{"taxonomy":"post_tag","embeddable":true,"href":"https:\/\/enconecte.com\/index.php?rest_route=%2Fwp%2Fv2%2Ftags&post=23335"}],"curies":[{"name":"wp","href":"https:\/\/api.w.org\/{rel}","templated":true}]}}