{"id":23331,"date":"2023-11-05T15:36:44","date_gmt":"2023-11-05T21:36:44","guid":{"rendered":"https:\/\/enconecte.com\/?p=23331"},"modified":"2023-11-26T23:20:09","modified_gmt":"2023-11-27T05:20:09","slug":"domingo-de-tradicional-serenata-en-el-jardin-principal-de-jerez","status":"publish","type":"post","link":"https:\/\/enconecte.com\/?p=23331","title":{"rendered":"DOMINGO DE TRADICIONAL SERENATA EN EL JARD\u00cdN PRINCIPAL DE JEREZ"},"content":{"rendered":"<p>Con el prop\u00f3sito de rescatar las tradiciones jerezanas que enriquecen y contribuyen a la cultura de nuestro municipio, el gobierno municipal 2021-2024, a trav\u00e9s del departamento de Turismo Municipal, lanza el programa &#8220;Rescatando Tradiciones&#8221;. Este programa se llevar\u00e1 a cabo los primeros domingos de cada mes en el emblem\u00e1tico quiosco del jard\u00edn principal de Jerez, con el objetivo de revivir esta tradici\u00f3n y dar vida a este hermoso espacio, que durante mucho tiempo fue escenario de momentos rom\u00e1nticos para los jerezanos y los turistas.<\/p>\n<p>En este contexto, el pasado domingo se present\u00f3 el artista riograndense, Juan Manuel Robledo, en el coraz\u00f3n de uno de los pueblos m\u00e1gicos m\u00e1s alegres.<\/p>\n<p>Despu\u00e9s de las primeras interpretaciones, el Lic. Francisco Serrano Miranda, titular del departamento de Turismo, explic\u00f3 que este proyecto surgi\u00f3 debido a la encomienda del alcalde de Jerez, el Dr. Jos\u00e9 Humberto Salazar Contreras, de revitalizar los espacios p\u00fablicos y crear actividades de sano esparcimiento para toda la familia.<\/p>\n<p><a  href=\"https:\/\/enconecte.com\/wp-content\/uploads\/2023\/11\/Imagen-de-WhatsApp-2023-11-05-a-las-22.27.51_732a39df.jpg\" data-rel=\"lightbox-gallery-0\" data-rl_title=\"\" data-rl_caption=\"\" title=\"\"><img loading=\"lazy\" decoding=\"async\" class=\"alignnone size-full wp-image-23332\" src=\"https:\/\/enconecte.com\/wp-content\/uploads\/2023\/11\/Imagen-de-WhatsApp-2023-11-05-a-las-22.27.51_732a39df.jpg\" alt=\"\" width=\"855\" height=\"576\" srcset=\"https:\/\/enconecte.com\/wp-content\/uploads\/2023\/11\/Imagen-de-WhatsApp-2023-11-05-a-las-22.27.51_732a39df.jpg 855w, https:\/\/enconecte.com\/wp-content\/uploads\/2023\/11\/Imagen-de-WhatsApp-2023-11-05-a-las-22.27.51_732a39df-300x202.jpg 300w, https:\/\/enconecte.com\/wp-content\/uploads\/2023\/11\/Imagen-de-WhatsApp-2023-11-05-a-las-22.27.51_732a39df-768x517.jpg 768w\" sizes=\"auto, (max-width: 855px) 100vw, 855px\" \/><\/a><\/p>\n<p>Durante la serenata, la parte frontal del quiosco se llen\u00f3 de oyentes y poco a poco el jard\u00edn recuper\u00f3 su vitalidad, alegr\u00eda y emoci\u00f3n entre aquellos que disfrutaron de las distintas canciones interpretadas por Juan Manuel Robledo. Entre las canciones, se incluyeron covers de artistas reconocidos como Los Yonis, Juan Gabriel, el grupo Indio, Leo Dan, Jos\u00e9 Mar\u00eda Napole\u00f3n, Marco Antonio Sol\u00eds, Fernando Delgadillo, Diego Verdaguer, entre otros, as\u00ed como algunas complacencias. Esta iniciativa busca ofrecer g\u00e9neros variados, como trova, mariachi, noches bohemias, m\u00fasica norte\u00f1a y otros estilos, que promueven la m\u00fasica con contenido rom\u00e1ntico y revitalizan\u00a0este\u00a0lugar.<\/p>\n","protected":false},"excerpt":{"rendered":"<p>Con el prop\u00f3sito de rescatar las tradiciones jerezanas que enriquecen y contribuyen a la cultura de nuestro municipio, el gobierno municipal 2021-2024, a trav\u00e9s del departamento de Turismo Municipal, lanza el programa &#8220;Rescatando Tradiciones&#8221;. Este programa se llevar\u00e1 a cabo los primeros domingos de cada mes en el emblem\u00e1tico quiosco del jard\u00edn principal de Jerez, [&hellip;]<\/p>\n","protected":false},"author":9,"featured_media":23333,"comment_status":"closed","ping_status":"closed","sticky":false,"template":"","format":"standard","meta":{"footnotes":""},"categories":[1370],"tags":[],"class_list":["post-23331","post","type-post","status-publish","format-standard","has-post-thumbnail","hentry","category-jerez"],"_links":{"self":[{"href":"https:\/\/enconecte.com\/index.php?rest_route=\/wp\/v2\/posts\/23331","targetHints":{"allow":["GET"]}}],"collection":[{"href":"https:\/\/enconecte.com\/index.php?rest_route=\/wp\/v2\/posts"}],"about":[{"href":"https:\/\/enconecte.com\/index.php?rest_route=\/wp\/v2\/types\/post"}],"author":[{"embeddable":true,"href":"https:\/\/enconecte.com\/index.php?rest_route=\/wp\/v2\/users\/9"}],"replies":[{"embeddable":true,"href":"https:\/\/enconecte.com\/index.php?rest_route=%2Fwp%2Fv2%2Fcomments&post=23331"}],"version-history":[{"count":0,"href":"https:\/\/enconecte.com\/index.php?rest_route=\/wp\/v2\/posts\/23331\/revisions"}],"wp:featuredmedia":[{"embeddable":true,"href":"https:\/\/enconecte.com\/index.php?rest_route=\/wp\/v2\/media\/23333"}],"wp:attachment":[{"href":"https:\/\/enconecte.com\/index.php?rest_route=%2Fwp%2Fv2%2Fmedia&parent=23331"}],"wp:term":[{"taxonomy":"category","embeddable":true,"href":"https:\/\/enconecte.com\/index.php?rest_route=%2Fwp%2Fv2%2Fcategories&post=23331"},{"taxonomy":"post_tag","embeddable":true,"href":"https:\/\/enconecte.com\/index.php?rest_route=%2Fwp%2Fv2%2Ftags&post=23331"}],"curies":[{"name":"wp","href":"https:\/\/api.w.org\/{rel}","templated":true}]}}