{"id":23328,"date":"2023-11-03T15:35:41","date_gmt":"2023-11-03T21:35:41","guid":{"rendered":"https:\/\/enconecte.com\/?p=23328"},"modified":"2023-11-26T23:20:09","modified_gmt":"2023-11-27T05:20:09","slug":"con-la-obra-de-teatro-parka-dictum-concluyo-el-festival-jerezano-hasta-los-huesos","status":"publish","type":"post","link":"https:\/\/enconecte.com\/?p=23328","title":{"rendered":"CON LA OBRA DE TEATRO PARKA DICTUM CONCLUY\u00d3 EL FESTIVAL \u201cJEREZANO HASTA LOS HUESOS\u201d"},"content":{"rendered":"<ul>\n<li>El cierre estuvo a cargo de la Compa\u00f1\u00eda de Teatro Jerezana y la destacada actuaci\u00f3n del joven Gabriel Hormedinger<\/li>\n<\/ul>\n<p>El Segundo Festival &#8220;Jerezano hasta los Huesos&#8221; concluy\u00f3 la noche del dos de noviembre con la presentaci\u00f3n de la obra &#8220;Parka Dictum&#8221;, a cargo de la Compa\u00f1\u00eda de Teatro Jerezana, dirigida por Miguel \u00c1ngel Vega. La puesta en escena result\u00f3 del agrado del p\u00fablico presente en la Plaza Tacuba.<\/p>\n<p>Sobre el escenario, el joven actor jerezano Gabriel Alexander Hormedinger captur\u00f3 la atenci\u00f3n de los asistentes con su interpretaci\u00f3n en el desarrollo del mon\u00f3logo escrito por Miguel \u00c1ngel Vega. Seg\u00fan lo explicado por el protagonista, se trata de una versi\u00f3n recortada de la obra &#8220;Rigoris Mortis&#8221; del mismo autor, en la que se aborda el problema y las consecuencias de las adicciones.<\/p>\n<p>En este caso, la obra corta hace referencia espec\u00edficamente al alcohol y al tabaco, a trav\u00e9s de un relato narrado por el personaje \u00fanico, que es la muerte. Adem\u00e1s, el gui\u00f3n aborda el tema del COVID, que ha cobrado tantas vidas y que, en su momento, gener\u00f3 complicaciones en los pacientes debido a su historial en el consumo de tabaco.<\/p>\n<p><a  href=\"https:\/\/enconecte.com\/wp-content\/uploads\/2023\/11\/Imagen-de-WhatsApp-2023-11-03-a-las-19.05.54_47c89d20.jpg\" data-rel=\"lightbox-gallery-0\" data-rl_title=\"\" data-rl_caption=\"\" title=\"\"><img loading=\"lazy\" decoding=\"async\" class=\"alignnone size-full wp-image-23330\" src=\"https:\/\/enconecte.com\/wp-content\/uploads\/2023\/11\/Imagen-de-WhatsApp-2023-11-03-a-las-19.05.54_47c89d20.jpg\" alt=\"\" width=\"1200\" height=\"800\" srcset=\"https:\/\/enconecte.com\/wp-content\/uploads\/2023\/11\/Imagen-de-WhatsApp-2023-11-03-a-las-19.05.54_47c89d20.jpg 1200w, https:\/\/enconecte.com\/wp-content\/uploads\/2023\/11\/Imagen-de-WhatsApp-2023-11-03-a-las-19.05.54_47c89d20-300x200.jpg 300w, https:\/\/enconecte.com\/wp-content\/uploads\/2023\/11\/Imagen-de-WhatsApp-2023-11-03-a-las-19.05.54_47c89d20-1024x683.jpg 1024w, https:\/\/enconecte.com\/wp-content\/uploads\/2023\/11\/Imagen-de-WhatsApp-2023-11-03-a-las-19.05.54_47c89d20-768x512.jpg 768w\" sizes=\"auto, (max-width: 1200px) 100vw, 1200px\" \/><\/a><\/p>\n<p>Gabriel Alexander es un joven con una gran calidad actoral. &#8220;Parka Dictum&#8221; representa su segundo mon\u00f3logo, despu\u00e9s de haber protagonizado a Cal\u00edgula hace algunos meses. Como miembro de la Compa\u00f1\u00eda de Teatro, ha participado en varios proyectos y tiene la aspiraci\u00f3n de estudiar artes esc\u00e9nicas en el futuro y dedicarse por completo al teatro.<\/p>\n<p>Previamente, durante la \u00faltima jornada del festival, en la programaci\u00f3n de Cuentacuentos, el dise\u00f1ador y artista pl\u00e1stico Juan Manuel \u00c1vila Correa realiz\u00f3 una narraci\u00f3n basada en su c\u00f3mic &#8220;Abismo&#8221;, relacionada con el Mictl\u00e1n. El cierre del programa desarrollado por el Ayuntamiento para la celebraci\u00f3n del D\u00eda de los Muertos incluy\u00f3 la entrega de reconocimientos a los participantes de esta noche por parte del director del Instituto Jerezano de Cultura (IJC), V\u00edctor Hugo Hu\u00edzar\u00a0Iturriaga.<\/p>\n","protected":false},"excerpt":{"rendered":"<p>El cierre estuvo a cargo de la Compa\u00f1\u00eda de Teatro Jerezana y la destacada actuaci\u00f3n del joven Gabriel Hormedinger El Segundo Festival &#8220;Jerezano hasta los Huesos&#8221; concluy\u00f3 la noche del dos de noviembre con la presentaci\u00f3n de la obra &#8220;Parka Dictum&#8221;, a cargo de la Compa\u00f1\u00eda de Teatro Jerezana, dirigida por Miguel \u00c1ngel Vega. La [&hellip;]<\/p>\n","protected":false},"author":9,"featured_media":23329,"comment_status":"closed","ping_status":"closed","sticky":false,"template":"","format":"standard","meta":{"footnotes":""},"categories":[1370],"tags":[],"class_list":["post-23328","post","type-post","status-publish","format-standard","has-post-thumbnail","hentry","category-jerez"],"_links":{"self":[{"href":"https:\/\/enconecte.com\/index.php?rest_route=\/wp\/v2\/posts\/23328","targetHints":{"allow":["GET"]}}],"collection":[{"href":"https:\/\/enconecte.com\/index.php?rest_route=\/wp\/v2\/posts"}],"about":[{"href":"https:\/\/enconecte.com\/index.php?rest_route=\/wp\/v2\/types\/post"}],"author":[{"embeddable":true,"href":"https:\/\/enconecte.com\/index.php?rest_route=\/wp\/v2\/users\/9"}],"replies":[{"embeddable":true,"href":"https:\/\/enconecte.com\/index.php?rest_route=%2Fwp%2Fv2%2Fcomments&post=23328"}],"version-history":[{"count":0,"href":"https:\/\/enconecte.com\/index.php?rest_route=\/wp\/v2\/posts\/23328\/revisions"}],"wp:featuredmedia":[{"embeddable":true,"href":"https:\/\/enconecte.com\/index.php?rest_route=\/wp\/v2\/media\/23329"}],"wp:attachment":[{"href":"https:\/\/enconecte.com\/index.php?rest_route=%2Fwp%2Fv2%2Fmedia&parent=23328"}],"wp:term":[{"taxonomy":"category","embeddable":true,"href":"https:\/\/enconecte.com\/index.php?rest_route=%2Fwp%2Fv2%2Fcategories&post=23328"},{"taxonomy":"post_tag","embeddable":true,"href":"https:\/\/enconecte.com\/index.php?rest_route=%2Fwp%2Fv2%2Ftags&post=23328"}],"curies":[{"name":"wp","href":"https:\/\/api.w.org\/{rel}","templated":true}]}}