{"id":23311,"date":"2023-11-01T15:27:44","date_gmt":"2023-11-01T21:27:44","guid":{"rendered":"https:\/\/enconecte.com\/?p=23311"},"modified":"2023-11-26T23:20:09","modified_gmt":"2023-11-27T05:20:09","slug":"ninos-del-dif-jerez-piden-el-tradicional-muerto","status":"publish","type":"post","link":"https:\/\/enconecte.com\/?p=23311","title":{"rendered":"NI\u00d1OS DEL DIF JEREZ PIDEN EL TRADICIONAL &#8220;MUERTO&#8221;"},"content":{"rendered":"<p>Ni\u00f1os adscritos al DIF Jerez por medio de la guarder\u00eda \u201cMar\u00eda Guadalupe Campos Navarro\u201d y el Centro de Rehabilitaci\u00f3n Infantil y Juvenil de Jerez (CRIJJ), con invitaci\u00f3n al CAM \u201cMar\u00eda Montesori\u201d, iniciaron los festejos del D\u00eda Muertos pidiendo dulces a funcionarios de la administraci\u00f3n p\u00fablica.<\/p>\n<p>Con el tradicional c\u00e1ntico \u201coremos oremos el muerto queremos\u201d los peque\u00f1os llegaron a la presidencia municipal donde fueron recibidos por el Secretario de Gobierno, H\u00e9ctor Hugo Ram\u00edrez Escobedo, para posteriormente pasar a los distintos departamentos a pedir una ofrenda.<\/p>\n<p>Ah\u00ed \u201casustaron\u201d a m\u00e1s de uno y recibieron a cambio dulces, adem\u00e1s de admiraci\u00f3n por sus \u201cterror\u00edficos\u201d vestuarios.<\/p>\n<p>Lo mismo sucedi\u00f3 en las oficinas del DIF donde la presidenta honor\u00edfica, Bertha Alicia Garc\u00eda Duarte, y la directora Roc\u00edo Azucena Ibarra Bautista, les dieron la bienvenida y su respectivo \u201cmuerto\u201d.<\/p>\n<p><a  href=\"https:\/\/enconecte.com\/wp-content\/uploads\/2023\/11\/Imagen-de-WhatsApp-2023-11-01-a-las-13.01.16_7fe05f63.jpg\" data-rel=\"lightbox-gallery-0\" data-rl_title=\"\" data-rl_caption=\"\" title=\"\"><img loading=\"lazy\" decoding=\"async\" class=\"alignnone size-full wp-image-23313\" src=\"https:\/\/enconecte.com\/wp-content\/uploads\/2023\/11\/Imagen-de-WhatsApp-2023-11-01-a-las-13.01.16_7fe05f63.jpg\" alt=\"\" width=\"1600\" height=\"1066\" srcset=\"https:\/\/enconecte.com\/wp-content\/uploads\/2023\/11\/Imagen-de-WhatsApp-2023-11-01-a-las-13.01.16_7fe05f63.jpg 1600w, https:\/\/enconecte.com\/wp-content\/uploads\/2023\/11\/Imagen-de-WhatsApp-2023-11-01-a-las-13.01.16_7fe05f63-300x200.jpg 300w, https:\/\/enconecte.com\/wp-content\/uploads\/2023\/11\/Imagen-de-WhatsApp-2023-11-01-a-las-13.01.16_7fe05f63-1024x682.jpg 1024w, https:\/\/enconecte.com\/wp-content\/uploads\/2023\/11\/Imagen-de-WhatsApp-2023-11-01-a-las-13.01.16_7fe05f63-768x512.jpg 768w, https:\/\/enconecte.com\/wp-content\/uploads\/2023\/11\/Imagen-de-WhatsApp-2023-11-01-a-las-13.01.16_7fe05f63-1536x1023.jpg 1536w\" sizes=\"auto, (max-width: 1600px) 100vw, 1600px\" \/><\/a><\/p>\n<p>Para culminar el recorrido, llegaron a la preparatoria Francisco Garc\u00eda Salinas encabezada por el director Luis Ignacio de la Torre Acevedo, donde maestros y alumnos los recibieron con gran entusiasmo.<\/p>\n<p>Los infantes fueron acompa\u00f1ados tambi\u00e9n por la titular de la Jefatura Operativa del DIF, Erika Judith Lozano Acevedo, y el jefe de Atenci\u00f3n a la Discapacidad e Inclusi\u00f3n, Jos\u00e9 Antonio\u00a0Romero\u00a0S\u00e1nchez.<\/p>\n","protected":false},"excerpt":{"rendered":"<p>Ni\u00f1os adscritos al DIF Jerez por medio de la guarder\u00eda \u201cMar\u00eda Guadalupe Campos Navarro\u201d y el Centro de Rehabilitaci\u00f3n Infantil y Juvenil de Jerez (CRIJJ), con invitaci\u00f3n al CAM \u201cMar\u00eda Montesori\u201d, iniciaron los festejos del D\u00eda Muertos pidiendo dulces a funcionarios de la administraci\u00f3n p\u00fablica. Con el tradicional c\u00e1ntico \u201coremos oremos el muerto queremos\u201d los [&hellip;]<\/p>\n","protected":false},"author":9,"featured_media":23312,"comment_status":"closed","ping_status":"closed","sticky":false,"template":"","format":"standard","meta":{"footnotes":""},"categories":[1370],"tags":[],"class_list":["post-23311","post","type-post","status-publish","format-standard","has-post-thumbnail","hentry","category-jerez"],"_links":{"self":[{"href":"https:\/\/enconecte.com\/index.php?rest_route=\/wp\/v2\/posts\/23311","targetHints":{"allow":["GET"]}}],"collection":[{"href":"https:\/\/enconecte.com\/index.php?rest_route=\/wp\/v2\/posts"}],"about":[{"href":"https:\/\/enconecte.com\/index.php?rest_route=\/wp\/v2\/types\/post"}],"author":[{"embeddable":true,"href":"https:\/\/enconecte.com\/index.php?rest_route=\/wp\/v2\/users\/9"}],"replies":[{"embeddable":true,"href":"https:\/\/enconecte.com\/index.php?rest_route=%2Fwp%2Fv2%2Fcomments&post=23311"}],"version-history":[{"count":0,"href":"https:\/\/enconecte.com\/index.php?rest_route=\/wp\/v2\/posts\/23311\/revisions"}],"wp:featuredmedia":[{"embeddable":true,"href":"https:\/\/enconecte.com\/index.php?rest_route=\/wp\/v2\/media\/23312"}],"wp:attachment":[{"href":"https:\/\/enconecte.com\/index.php?rest_route=%2Fwp%2Fv2%2Fmedia&parent=23311"}],"wp:term":[{"taxonomy":"category","embeddable":true,"href":"https:\/\/enconecte.com\/index.php?rest_route=%2Fwp%2Fv2%2Fcategories&post=23311"},{"taxonomy":"post_tag","embeddable":true,"href":"https:\/\/enconecte.com\/index.php?rest_route=%2Fwp%2Fv2%2Ftags&post=23311"}],"curies":[{"name":"wp","href":"https:\/\/api.w.org\/{rel}","templated":true}]}}