{"id":23309,"date":"2023-11-01T15:20:14","date_gmt":"2023-11-01T21:20:14","guid":{"rendered":"https:\/\/enconecte.com\/?p=23309"},"modified":"2023-11-26T23:20:10","modified_gmt":"2023-11-27T05:20:10","slug":"presentan-convocatoria-de-la-primer-edicion-de-jerez-bike-fest","status":"publish","type":"post","link":"https:\/\/enconecte.com\/?p=23309","title":{"rendered":"PRESENTAN CONVOCATORIA DE LA PRIMER EDICI\u00d3N DE JEREZ BIKE FEST"},"content":{"rendered":"<p>Mediante una rueda de prensa en la tradicional Casa Alk\u00e1zar, se presentaron oficialmente los detalles de la primera edici\u00f3n de Jerez Bike Fest, que se llevar\u00e1 a cabo el pr\u00f3ximo s\u00e1bado 11 de noviembre. Este evento ser\u00e1 una convivencia deportiva, familiar y ciclista de 47 km, recorriendo varios puntos tur\u00edsticos de Jerez. El festival es organizado por Sport Bike con el respaldo del gobierno municipal 2021-2024 a trav\u00e9s de la Coordinaci\u00f3n de Deporte y el Departamento de Turismo.<\/p>\n<p>La conferencia fue inaugurada por el Profesor Armando Qui\u00f1ones Ortiz, Coordinador Municipal del Deporte, quien explic\u00f3 que este evento es de gran importancia para el municipio, ya que combina aspectos deportivos y tur\u00edsticos. Agradeci\u00f3 el apoyo del presidente de Sport Bike en el impulso al ciclismo.<\/p>\n<p>Por su parte, el Profesor Iv\u00e1n Mart\u00ednez, presidente del equipo Sport Bike, proporcion\u00f3 detalles de la convocatoria, a la que llam\u00f3 &#8220;fiesta ciclista&#8221; con un enfoque recreativo. La ruta de 47 km partir\u00e1 del centro hist\u00f3rico hacia el ITSJ con una cronoescalada de 22 km hasta el Portillo en la Sierra de Cardos, para luego regresar a Jerez. Gerardo Escobar, miembro del equipo Sport Bike, explic\u00f3 que la salida ser\u00e1 controlada hasta el punto de reuni\u00f3n en el ITSJ, donde los participantes se dividir\u00e1n en grupos, algunos competir\u00e1n en la cronoescalada y otros simplemente disfrutar\u00e1n del paseo.<\/p>\n<p><a  href=\"https:\/\/enconecte.com\/wp-content\/uploads\/2023\/11\/Imagen-de-WhatsApp-2023-11-01-a-las-07.23.38_e7288d7e.jpg\" data-rel=\"lightbox-gallery-0\" data-rl_title=\"\" data-rl_caption=\"\" title=\"\"><img loading=\"lazy\" decoding=\"async\" class=\"alignnone size-full wp-image-23310\" src=\"https:\/\/enconecte.com\/wp-content\/uploads\/2023\/11\/Imagen-de-WhatsApp-2023-11-01-a-las-07.23.38_e7288d7e.jpg\" alt=\"\" width=\"1599\" height=\"1066\" srcset=\"https:\/\/enconecte.com\/wp-content\/uploads\/2023\/11\/Imagen-de-WhatsApp-2023-11-01-a-las-07.23.38_e7288d7e.jpg 1599w, https:\/\/enconecte.com\/wp-content\/uploads\/2023\/11\/Imagen-de-WhatsApp-2023-11-01-a-las-07.23.38_e7288d7e-300x200.jpg 300w, https:\/\/enconecte.com\/wp-content\/uploads\/2023\/11\/Imagen-de-WhatsApp-2023-11-01-a-las-07.23.38_e7288d7e-1024x683.jpg 1024w, https:\/\/enconecte.com\/wp-content\/uploads\/2023\/11\/Imagen-de-WhatsApp-2023-11-01-a-las-07.23.38_e7288d7e-768x512.jpg 768w, https:\/\/enconecte.com\/wp-content\/uploads\/2023\/11\/Imagen-de-WhatsApp-2023-11-01-a-las-07.23.38_e7288d7e-1536x1024.jpg 1536w\" sizes=\"auto, (max-width: 1599px) 100vw, 1599px\" \/><\/a><\/p>\n<p>Antes de concluir, el Lic. David Jossafat de la Torre Pinedo, Director de Desarrollo Econ\u00f3mico y Social, aprovech\u00f3 la ocasi\u00f3n para extender una invitaci\u00f3n a los jerezanos y visitantes a unirse a esta convivencia con el objetivo de fomentar el deporte. Despu\u00e9s de la actividad deportiva, se llevar\u00e1 a cabo una celebraci\u00f3n al estilo jerezano con tostadas y tamborazo. Tambi\u00e9n estuvieron presentes en el evento Luis Mario Mart\u00ednez Aparicio, regidor comisionado de Juventud y Deporte, y el Lic. Francisco Serrano Miranda, Director de Turismo Municipal. Las inscripciones est\u00e1n abiertas y se pueden realizar a trav\u00e9s de las redes sociales de Sport Bike, la Coordinaci\u00f3n Municipal del Deporte y en puntos f\u00edsicos como Sport Bike Jerez y Factor 120\u00a0en\u00a0Zacatecas.<\/p>\n","protected":false},"excerpt":{"rendered":"<p>Mediante una rueda de prensa en la tradicional Casa Alk\u00e1zar, se presentaron oficialmente los detalles de la primera edici\u00f3n de Jerez Bike Fest, que se llevar\u00e1 a cabo el pr\u00f3ximo s\u00e1bado 11 de noviembre. Este evento ser\u00e1 una convivencia deportiva, familiar y ciclista de 47 km, recorriendo varios puntos tur\u00edsticos de Jerez. El festival es [&hellip;]<\/p>\n","protected":false},"author":9,"featured_media":23308,"comment_status":"closed","ping_status":"closed","sticky":false,"template":"","format":"standard","meta":{"footnotes":""},"categories":[1370],"tags":[],"class_list":["post-23309","post","type-post","status-publish","format-standard","has-post-thumbnail","hentry","category-jerez"],"_links":{"self":[{"href":"https:\/\/enconecte.com\/index.php?rest_route=\/wp\/v2\/posts\/23309","targetHints":{"allow":["GET"]}}],"collection":[{"href":"https:\/\/enconecte.com\/index.php?rest_route=\/wp\/v2\/posts"}],"about":[{"href":"https:\/\/enconecte.com\/index.php?rest_route=\/wp\/v2\/types\/post"}],"author":[{"embeddable":true,"href":"https:\/\/enconecte.com\/index.php?rest_route=\/wp\/v2\/users\/9"}],"replies":[{"embeddable":true,"href":"https:\/\/enconecte.com\/index.php?rest_route=%2Fwp%2Fv2%2Fcomments&post=23309"}],"version-history":[{"count":0,"href":"https:\/\/enconecte.com\/index.php?rest_route=\/wp\/v2\/posts\/23309\/revisions"}],"wp:featuredmedia":[{"embeddable":true,"href":"https:\/\/enconecte.com\/index.php?rest_route=\/wp\/v2\/media\/23308"}],"wp:attachment":[{"href":"https:\/\/enconecte.com\/index.php?rest_route=%2Fwp%2Fv2%2Fmedia&parent=23309"}],"wp:term":[{"taxonomy":"category","embeddable":true,"href":"https:\/\/enconecte.com\/index.php?rest_route=%2Fwp%2Fv2%2Fcategories&post=23309"},{"taxonomy":"post_tag","embeddable":true,"href":"https:\/\/enconecte.com\/index.php?rest_route=%2Fwp%2Fv2%2Ftags&post=23309"}],"curies":[{"name":"wp","href":"https:\/\/api.w.org\/{rel}","templated":true}]}}