{"id":23302,"date":"2023-10-31T10:39:45","date_gmt":"2023-10-31T16:39:45","guid":{"rendered":"https:\/\/enconecte.com\/?p=23302"},"modified":"2023-11-14T16:51:07","modified_gmt":"2023-11-14T22:51:07","slug":"encabezo-el-doctor-salazar-el-homenaje-al-maestro-cubano-pedro-puig-macias","status":"publish","type":"post","link":"https:\/\/enconecte.com\/?p=23302","title":{"rendered":"ENCABEZ\u00d3 EL DOCTOR SALAZAR EL HOMENAJE AL MAESTRO CUBANO PEDRO PUIG MAC\u00cdAS"},"content":{"rendered":"<ul>\n<li>La parte musical estuvo a cargo de la Orquesta Danz\u00f3n de Oro<\/li>\n<\/ul>\n<p>El doctor Jos\u00e9 Humberto Salazar Contreras encabez\u00f3 el homenaje p\u00f3stumo que se tribut\u00f3 al m\u00fasico de origen cubano, y jerezano por arraigo, Pedro Puig Mac\u00edas, fallecido el pasado mes de agosto y quien dej\u00f3 un importante legado en materia de ense\u00f1anza musical, tanto en la escuela de m\u00fasica Candelario Hu\u00edzar, como en la banda municipal y diversas agrupaciones.<\/p>\n<p>El evento corri\u00f3 a cargo de la Big Band Jazz Orquesta Danz\u00f3n de Oro, del Instituto Jerezano de Cultura (IJC), bajo la direcci\u00f3n de Mario Enrique Acevedo, quien se\u00f1al\u00f3 que entre los integrantes de la orquesta que fueron compa\u00f1eros del homenajeado, se determin\u00f3 recordarlo con una serie de melod\u00edas que eran de su estilo y que siempre les trasmiti\u00f3 y ense\u00f1\u00f3.<\/p>\n<p>Durante el evento la directora de la escuela de M\u00fasica Candelario Hu\u00edzar, Mar\u00eda Asunci\u00f3n Flores, hizo una rese\u00f1a hist\u00f3rica del maestro Pedro Puig, a quien consider\u00f3 como un hombre talentoso, disciplinado y trabajador incasable, el cual tuvo un gran desempe\u00f1o en su natal Cuba y con su proyecto Tierra Caliente, realiz\u00f3 varias giras en Europa, \u00c1frica y Am\u00e9rica Latina.<\/p>\n<p><a  href=\"https:\/\/enconecte.com\/wp-content\/uploads\/2023\/11\/Imagen-de-WhatsApp-2023-10-31-a-las-20.27.38_9607a2f2.jpg\" data-rel=\"lightbox-gallery-0\" data-rl_title=\"\" data-rl_caption=\"\" title=\"\"><img loading=\"lazy\" decoding=\"async\" class=\"alignnone size-full wp-image-23304\" src=\"https:\/\/enconecte.com\/wp-content\/uploads\/2023\/11\/Imagen-de-WhatsApp-2023-10-31-a-las-20.27.38_9607a2f2.jpg\" alt=\"\" width=\"1280\" height=\"853\" srcset=\"https:\/\/enconecte.com\/wp-content\/uploads\/2023\/11\/Imagen-de-WhatsApp-2023-10-31-a-las-20.27.38_9607a2f2.jpg 1280w, https:\/\/enconecte.com\/wp-content\/uploads\/2023\/11\/Imagen-de-WhatsApp-2023-10-31-a-las-20.27.38_9607a2f2-300x200.jpg 300w, https:\/\/enconecte.com\/wp-content\/uploads\/2023\/11\/Imagen-de-WhatsApp-2023-10-31-a-las-20.27.38_9607a2f2-1024x682.jpg 1024w, https:\/\/enconecte.com\/wp-content\/uploads\/2023\/11\/Imagen-de-WhatsApp-2023-10-31-a-las-20.27.38_9607a2f2-768x512.jpg 768w\" sizes=\"auto, (max-width: 1280px) 100vw, 1280px\" \/><\/a><\/p>\n<p>Vivi\u00f3 sus \u00faltimos a\u00f1os en Jerez, donde comenz\u00f3 a laborar en la escuela de M\u00fasica Candelario Hu\u00edzar, a partir del a\u00f1o 2001, adem\u00e1s de colaborar en la banda municipal y en las agrupaciones de banda de las escuelas donde se desempe\u00f1\u00f3. Fund\u00f3 junto con los otros maestros cubanos arraigados en Jerez, el grupo Macuba, al lado del recientemente fallecido, Mario Salas Hierrezuelos, \u201cMayito\u201d, el maestro \u00c1ngel Serrano Merino que retorn\u00f3 a Cuba y el maestro \u00d3scar Luis Gal\u00e1n Ruiz, quien permanece en Jerez y esta noche actu\u00f3 como parte de la orquesta.<\/p>\n<p>El doctor Salazar, acompa\u00f1ado del director del IJC V\u00edctor Hugo Hu\u00edzar Iturriaga, entreg\u00f3 el reconocimiento a la agrupaci\u00f3n que protagoniz\u00f3 el evento dentro del tercer d\u00eda del festival \u201cJerezano Hasta los Huesos\u201d y de esta forma, se sum\u00f3 al reconocimiento y gratitud del pueblo jerezano para el maestro cubano\u00a0Pedro\u00a0Puig.<\/p>\n","protected":false},"excerpt":{"rendered":"<p>La parte musical estuvo a cargo de la Orquesta Danz\u00f3n de Oro El doctor Jos\u00e9 Humberto Salazar Contreras encabez\u00f3 el homenaje p\u00f3stumo que se tribut\u00f3 al m\u00fasico de origen cubano, y jerezano por arraigo, Pedro Puig Mac\u00edas, fallecido el pasado mes de agosto y quien dej\u00f3 un importante legado en materia de ense\u00f1anza musical, tanto [&hellip;]<\/p>\n","protected":false},"author":9,"featured_media":23303,"comment_status":"closed","ping_status":"closed","sticky":false,"template":"","format":"standard","meta":{"footnotes":""},"categories":[1370],"tags":[],"class_list":["post-23302","post","type-post","status-publish","format-standard","has-post-thumbnail","hentry","category-jerez"],"_links":{"self":[{"href":"https:\/\/enconecte.com\/index.php?rest_route=\/wp\/v2\/posts\/23302","targetHints":{"allow":["GET"]}}],"collection":[{"href":"https:\/\/enconecte.com\/index.php?rest_route=\/wp\/v2\/posts"}],"about":[{"href":"https:\/\/enconecte.com\/index.php?rest_route=\/wp\/v2\/types\/post"}],"author":[{"embeddable":true,"href":"https:\/\/enconecte.com\/index.php?rest_route=\/wp\/v2\/users\/9"}],"replies":[{"embeddable":true,"href":"https:\/\/enconecte.com\/index.php?rest_route=%2Fwp%2Fv2%2Fcomments&post=23302"}],"version-history":[{"count":0,"href":"https:\/\/enconecte.com\/index.php?rest_route=\/wp\/v2\/posts\/23302\/revisions"}],"wp:featuredmedia":[{"embeddable":true,"href":"https:\/\/enconecte.com\/index.php?rest_route=\/wp\/v2\/media\/23303"}],"wp:attachment":[{"href":"https:\/\/enconecte.com\/index.php?rest_route=%2Fwp%2Fv2%2Fmedia&parent=23302"}],"wp:term":[{"taxonomy":"category","embeddable":true,"href":"https:\/\/enconecte.com\/index.php?rest_route=%2Fwp%2Fv2%2Fcategories&post=23302"},{"taxonomy":"post_tag","embeddable":true,"href":"https:\/\/enconecte.com\/index.php?rest_route=%2Fwp%2Fv2%2Ftags&post=23302"}],"curies":[{"name":"wp","href":"https:\/\/api.w.org\/{rel}","templated":true}]}}