{"id":23296,"date":"2023-10-30T10:37:56","date_gmt":"2023-10-30T16:37:56","guid":{"rendered":"https:\/\/enconecte.com\/?p=23296"},"modified":"2023-11-07T10:39:03","modified_gmt":"2023-11-07T16:39:03","slug":"emocionante-tarde-en-el-segundo-dia-del-festival-jerezanos-hasta-los-huesos","status":"publish","type":"post","link":"https:\/\/enconecte.com\/?p=23296","title":{"rendered":"EMOCIONANTE TARDE EN EL SEGUNDO D\u00cdA DEL FESTIVAL JEREZANOS HASTA LOS HUESOS"},"content":{"rendered":"<p>Durante la tarde cultural se apreciaron distintas manifestaciones art\u00edsticas, como fotograf\u00eda, literatura, lectura y actuaci\u00f3n, teniendo como escenario diversas \u00e1reas del majestuoso Teatro Hinojosa de Jerez, en el marco de las actividades del segundo Festival Jerezano hasta los Huesos. Se llevaron a cabo un concurso de fotograf\u00eda, presentaci\u00f3n de editoriales, concurso de calaveras literarias y cuentacuentos alusivos a la fecha, todos organizados por el Instituto Jerezano de Cultura (IJC), perteneciente a la administraci\u00f3n municipal 2021-2024.<\/p>\n<p>Se presentaron los trabajos del primer concurso de fotograf\u00eda, los cuales deb\u00edan reflejar la tem\u00e1tica del D\u00eda de Muertos. Estos trabajos fueron evaluados en varios aspectos, como el talento, la creatividad, los encuadres y el respeto por las tradiciones y costumbres. El jurado estuvo compuesto por expertos en el tema: Rafael Tinajero y Juan Ontiveros. Luego, se llev\u00f3 a cabo la presentaci\u00f3n del libro &#8220;Sempiterno&#8221; del autor Sa\u00fal C\u00e1rdenas, originario de la comunidad de Ram\u00f3n L\u00f3pez Velarde. La presentaci\u00f3n incluy\u00f3 comentarios del Maestro Jes\u00fas Humberto Carrera, quien describi\u00f3 la obra como una novela con un lenguaje comprensible, estructurada e interesante. Adem\u00e1s, destac\u00f3 la presencia de arquetipos del drama, y la consider\u00f3 como una historia angustiante y personal, realista y con un tema de actualidad, como la depresi\u00f3n.<\/p>\n<p><a  href=\"https:\/\/enconecte.com\/wp-content\/uploads\/2023\/11\/Imagen-de-WhatsApp-2023-10-30-a-las-22.10.46_6e36bdc7.jpg\" data-rel=\"lightbox-gallery-0\" data-rl_title=\"\" data-rl_caption=\"\" title=\"\"><img loading=\"lazy\" decoding=\"async\" class=\"alignnone size-full wp-image-23297\" src=\"https:\/\/enconecte.com\/wp-content\/uploads\/2023\/11\/Imagen-de-WhatsApp-2023-10-30-a-las-22.10.46_6e36bdc7.jpg\" alt=\"\" width=\"1599\" height=\"1066\" srcset=\"https:\/\/enconecte.com\/wp-content\/uploads\/2023\/11\/Imagen-de-WhatsApp-2023-10-30-a-las-22.10.46_6e36bdc7.jpg 1599w, https:\/\/enconecte.com\/wp-content\/uploads\/2023\/11\/Imagen-de-WhatsApp-2023-10-30-a-las-22.10.46_6e36bdc7-300x200.jpg 300w, https:\/\/enconecte.com\/wp-content\/uploads\/2023\/11\/Imagen-de-WhatsApp-2023-10-30-a-las-22.10.46_6e36bdc7-1024x683.jpg 1024w, https:\/\/enconecte.com\/wp-content\/uploads\/2023\/11\/Imagen-de-WhatsApp-2023-10-30-a-las-22.10.46_6e36bdc7-768x512.jpg 768w, https:\/\/enconecte.com\/wp-content\/uploads\/2023\/11\/Imagen-de-WhatsApp-2023-10-30-a-las-22.10.46_6e36bdc7-1536x1024.jpg 1536w\" sizes=\"auto, (max-width: 1599px) 100vw, 1599px\" \/><\/a><\/p>\n<p>En el mismo escenario, se procedi\u00f3 a la presentaci\u00f3n de las calaveras literarias, recitadas por sus autores, algunas de ellas acompa\u00f1adas de dibujos y otras cantadas. Estas calaveras literarias fueron evaluadas en t\u00e9rminos de originalidad del verso, calidad de la rima y la representaci\u00f3n gr\u00e1fica. El jurado, compuesto por las maestras Mar\u00eda del Pilar Gonz\u00e1lez Rom\u00e1n y Mar\u00eda del Carmen F\u00e9lix Mart\u00ednez, evalu\u00f3 las actuaciones.<\/p>\n<p>Todos los ganadores de los concursos ser\u00e1n revelados y premiados el 1 de noviembre, como parte del mismo programa del festival. La tarde concluy\u00f3 con la presentaci\u00f3n de cuentacuentos relacionados con la \u00e9poca, a cargo de Jes\u00fas Humberto Carrera, narrador oral. Es importante destacar que cada d\u00eda del festival contar\u00e1 con diferentes cuentos\u00a0y\u00a0narradores.<\/p>\n","protected":false},"excerpt":{"rendered":"<p>Durante la tarde cultural se apreciaron distintas manifestaciones art\u00edsticas, como fotograf\u00eda, literatura, lectura y actuaci\u00f3n, teniendo como escenario diversas \u00e1reas del majestuoso Teatro Hinojosa de Jerez, en el marco de las actividades del segundo Festival Jerezano hasta los Huesos. Se llevaron a cabo un concurso de fotograf\u00eda, presentaci\u00f3n de editoriales, concurso de calaveras literarias y [&hellip;]<\/p>\n","protected":false},"author":9,"featured_media":23298,"comment_status":"closed","ping_status":"closed","sticky":false,"template":"","format":"standard","meta":{"footnotes":""},"categories":[1370],"tags":[],"class_list":["post-23296","post","type-post","status-publish","format-standard","has-post-thumbnail","hentry","category-jerez"],"_links":{"self":[{"href":"https:\/\/enconecte.com\/index.php?rest_route=\/wp\/v2\/posts\/23296","targetHints":{"allow":["GET"]}}],"collection":[{"href":"https:\/\/enconecte.com\/index.php?rest_route=\/wp\/v2\/posts"}],"about":[{"href":"https:\/\/enconecte.com\/index.php?rest_route=\/wp\/v2\/types\/post"}],"author":[{"embeddable":true,"href":"https:\/\/enconecte.com\/index.php?rest_route=\/wp\/v2\/users\/9"}],"replies":[{"embeddable":true,"href":"https:\/\/enconecte.com\/index.php?rest_route=%2Fwp%2Fv2%2Fcomments&post=23296"}],"version-history":[{"count":0,"href":"https:\/\/enconecte.com\/index.php?rest_route=\/wp\/v2\/posts\/23296\/revisions"}],"wp:featuredmedia":[{"embeddable":true,"href":"https:\/\/enconecte.com\/index.php?rest_route=\/wp\/v2\/media\/23298"}],"wp:attachment":[{"href":"https:\/\/enconecte.com\/index.php?rest_route=%2Fwp%2Fv2%2Fmedia&parent=23296"}],"wp:term":[{"taxonomy":"category","embeddable":true,"href":"https:\/\/enconecte.com\/index.php?rest_route=%2Fwp%2Fv2%2Fcategories&post=23296"},{"taxonomy":"post_tag","embeddable":true,"href":"https:\/\/enconecte.com\/index.php?rest_route=%2Fwp%2Fv2%2Ftags&post=23296"}],"curies":[{"name":"wp","href":"https:\/\/api.w.org\/{rel}","templated":true}]}}