{"id":23293,"date":"2023-10-30T10:37:14","date_gmt":"2023-10-30T16:37:14","guid":{"rendered":"https:\/\/enconecte.com\/?p=23293"},"modified":"2023-11-07T10:38:21","modified_gmt":"2023-11-07T16:38:21","slug":"pc-y-bomberos-de-jerez-capacitan-a-brigada-interna-de-proteccion-civil-de-la-preparatoria-5-uaz","status":"publish","type":"post","link":"https:\/\/enconecte.com\/?p=23293","title":{"rendered":"PC Y BOMBEROS DE JEREZ CAPACITAN A BRIGADA INTERNA DE PROTECCI\u00d3N CIVIL DE LA PREPARATOR\u00cdA 5 UAZ"},"content":{"rendered":"<p>La Brigada Interna de Protecci\u00f3n Civil de la Preparatoria de la Universidad Aut\u00f3noma de Zacatecas (UAZ) plantel 5, recibi\u00f3 una capacitaci\u00f3n por parte de Protecci\u00f3n Civil y Bomberos de Jerez, con el fin de prepararse para actuar como primeros respondientes en situaciones de emergencia, conforme al Programa Interno de Protecci\u00f3n Civil, Programa de Prevenci\u00f3n de Riesgos, Programa de Seguridad y Emergencias establecidos en el Plan Municipal de Desarrollo de la administraci\u00f3n 2021-2024, que busca fortalecer las capacidades de respuesta de la ciudadan\u00eda ante una emergencia de manera temprana.<\/p>\n<p>La capacitaci\u00f3n se realiz\u00f3 en tres sesiones, de cuatro horas cada una, en las que participaron m\u00e1s de 30 alumnos del plantel, as\u00ed como docentes y personal administrativo. Los asistentes aprendieron conceptos te\u00f3ricos y pr\u00e1cticos sobre prevenci\u00f3n, auxilio en caso de emergencia, primeros auxilios, uso y manejo de extintores, evacuaci\u00f3n y repliegue, b\u00fasqueda y rescate, en condiciones extremas y espacios confinados.<\/p>\n<p><a  href=\"https:\/\/enconecte.com\/wp-content\/uploads\/2023\/11\/Imagen-de-WhatsApp-2023-10-30-a-las-11.29.52_131e6f3d.jpg\" data-rel=\"lightbox-gallery-0\" data-rl_title=\"\" data-rl_caption=\"\" title=\"\"><img loading=\"lazy\" decoding=\"async\" class=\"alignnone size-full wp-image-23295\" src=\"https:\/\/enconecte.com\/wp-content\/uploads\/2023\/11\/Imagen-de-WhatsApp-2023-10-30-a-las-11.29.52_131e6f3d.jpg\" alt=\"\" width=\"1600\" height=\"1066\" srcset=\"https:\/\/enconecte.com\/wp-content\/uploads\/2023\/11\/Imagen-de-WhatsApp-2023-10-30-a-las-11.29.52_131e6f3d.jpg 1600w, https:\/\/enconecte.com\/wp-content\/uploads\/2023\/11\/Imagen-de-WhatsApp-2023-10-30-a-las-11.29.52_131e6f3d-300x200.jpg 300w, https:\/\/enconecte.com\/wp-content\/uploads\/2023\/11\/Imagen-de-WhatsApp-2023-10-30-a-las-11.29.52_131e6f3d-1024x682.jpg 1024w, https:\/\/enconecte.com\/wp-content\/uploads\/2023\/11\/Imagen-de-WhatsApp-2023-10-30-a-las-11.29.52_131e6f3d-768x512.jpg 768w, https:\/\/enconecte.com\/wp-content\/uploads\/2023\/11\/Imagen-de-WhatsApp-2023-10-30-a-las-11.29.52_131e6f3d-1536x1023.jpg 1536w\" sizes=\"auto, (max-width: 1600px) 100vw, 1600px\" \/><\/a><\/p>\n<p>Los responsables de la capacitaci\u00f3n indicaron que es necesario actualizar las capacitaciones cada a\u00f1o en todas las instituciones del municipio, debido al cambio generacional, y que se integren alumnos cuando la edad lo permite, para fomentar la cultura de prevenci\u00f3n y el trabajo en equipo en caso de contingencias mientras llega la ayuda profesional. Asimismo, PC de Jerez invit\u00f3 a las escuelas del municipio a solicitar por escrito la capacitaci\u00f3n y actualizaci\u00f3n de sus Brigadas Internas, para mayores informes pueden acudir a la Estaci\u00f3n de PC o comunicarse\u00a0al\u00a0494\u00a09451298.<\/p>\n","protected":false},"excerpt":{"rendered":"<p>La Brigada Interna de Protecci\u00f3n Civil de la Preparatoria de la Universidad Aut\u00f3noma de Zacatecas (UAZ) plantel 5, recibi\u00f3 una capacitaci\u00f3n por parte de Protecci\u00f3n Civil y Bomberos de Jerez, con el fin de prepararse para actuar como primeros respondientes en situaciones de emergencia, conforme al Programa Interno de Protecci\u00f3n Civil, Programa de Prevenci\u00f3n de [&hellip;]<\/p>\n","protected":false},"author":9,"featured_media":23294,"comment_status":"closed","ping_status":"closed","sticky":false,"template":"","format":"standard","meta":{"footnotes":""},"categories":[1370],"tags":[],"class_list":["post-23293","post","type-post","status-publish","format-standard","has-post-thumbnail","hentry","category-jerez"],"_links":{"self":[{"href":"https:\/\/enconecte.com\/index.php?rest_route=\/wp\/v2\/posts\/23293","targetHints":{"allow":["GET"]}}],"collection":[{"href":"https:\/\/enconecte.com\/index.php?rest_route=\/wp\/v2\/posts"}],"about":[{"href":"https:\/\/enconecte.com\/index.php?rest_route=\/wp\/v2\/types\/post"}],"author":[{"embeddable":true,"href":"https:\/\/enconecte.com\/index.php?rest_route=\/wp\/v2\/users\/9"}],"replies":[{"embeddable":true,"href":"https:\/\/enconecte.com\/index.php?rest_route=%2Fwp%2Fv2%2Fcomments&post=23293"}],"version-history":[{"count":0,"href":"https:\/\/enconecte.com\/index.php?rest_route=\/wp\/v2\/posts\/23293\/revisions"}],"wp:featuredmedia":[{"embeddable":true,"href":"https:\/\/enconecte.com\/index.php?rest_route=\/wp\/v2\/media\/23294"}],"wp:attachment":[{"href":"https:\/\/enconecte.com\/index.php?rest_route=%2Fwp%2Fv2%2Fmedia&parent=23293"}],"wp:term":[{"taxonomy":"category","embeddable":true,"href":"https:\/\/enconecte.com\/index.php?rest_route=%2Fwp%2Fv2%2Fcategories&post=23293"},{"taxonomy":"post_tag","embeddable":true,"href":"https:\/\/enconecte.com\/index.php?rest_route=%2Fwp%2Fv2%2Ftags&post=23293"}],"curies":[{"name":"wp","href":"https:\/\/api.w.org\/{rel}","templated":true}]}}