{"id":23289,"date":"2023-10-30T10:35:34","date_gmt":"2023-10-30T16:35:34","guid":{"rendered":"https:\/\/enconecte.com\/?p=23289"},"modified":"2023-11-07T10:37:25","modified_gmt":"2023-11-07T16:37:25","slug":"la-rondalla-nostalgia-jerezana-amenizo-agradable-velada-romantica-en-el-festival-jerezano-hasta-los-huesos","status":"publish","type":"post","link":"https:\/\/enconecte.com\/?p=23289","title":{"rendered":"LA RONDALLA NOSTALGIA JEREZANA AMENIZ\u00d3 AGRADABLE VELADA ROM\u00c1NTICA EN EL FESTIVAL \u201cJEREZANO HASTA LOS HUESOS\u201d"},"content":{"rendered":"<p>El concierto rom\u00e1ntico a cargo de la Rondalla Nostalgia Jerezana fue el punto culminante del primer d\u00eda del Festival &#8220;Jerezano hasta los Huesos&#8221;. Inicialmente programado para el kiosco del jard\u00edn principal, debido a la lluvia se traslad\u00f3 al escenario del Teatro Hinojosa, donde los miembros de esta orgullosa agrupaci\u00f3n de este pueblo m\u00e1gico deleitaron al p\u00fablico con un ramillete de melod\u00edas.<\/p>\n<p>Este conjunto, compuesto por guitarras, voces, requintos y contrabajo, cuenta con 29 a\u00f1os de trayectoria, durante los cuales han grabado tres discos y se han presentado en diversos municipios de la entidad y en varios estados de la rep\u00fablica. En 2005, recibieron el premio Palmas de Oro. Actualmente, la agrupaci\u00f3n es dirigida por uno de sus miembros ic\u00f3nicos, Juan Alexis Ibarra Aguirre, junto con otros 11 integrantes que hicieron de esta una gran velada rom\u00e1ntica.<\/p>\n<p>El concierto, que tuvo una duraci\u00f3n de poco m\u00e1s de una hora, comenz\u00f3 con la canci\u00f3n &#8220;Alma, Coraz\u00f3n y Vida&#8221;, seguida de &#8220;Me estoy Enamorando&#8221;, &#8220;Hasta donde te quiero&#8221;, &#8220;La Mejor de Todas&#8221;, &#8220;El Pecador&#8221;, &#8220;Tiempo al tiempo&#8221;, &#8220;Hoy te Confieso&#8221;, &#8220;Tres regalos&#8221;, &#8220;Cristo Viejo&#8221;, &#8220;Gema&#8221;, &#8220;Qui\u00e9n Ser\u00e1&#8221;, &#8220;Te quiero, para m\u00ed&#8221; y culmin\u00f3 con un popurr\u00ed de \u00e9xitos del recuerdo que incluy\u00f3 &#8220;No son Palabritas&#8221;, &#8220;Recuerdos de una Noche&#8221;, &#8220;Te juro que te Amo&#8221;, &#8220;Yo s\u00e9 que te Acordar\u00e1s&#8221; y &#8220;Qu\u00e9 Iron\u00eda&#8221;. El tema final, por solicitud del p\u00fablico, fue el cl\u00e1sico de rondalla, &#8220;Coraz\u00f3n de Roca&#8221;.<\/p>\n<p>En nombre del alcalde Jos\u00e9 Humberto Salazar Contreras, el director del Instituto Jerezano de Cultura (IJC), V\u00edctor Hugo Hu\u00edzar Iturriaga, felicit\u00f3 a los miembros de Nostalgia Jerezana por esta noche rom\u00e1ntica que brindaron al p\u00fablico. Adem\u00e1s, reiter\u00f3 la invitaci\u00f3n para los diversos eventos que forman parte del programa &#8220;Jerezano hasta los Huesos&#8221;.<\/p>\n<p><a  href=\"https:\/\/enconecte.com\/wp-content\/uploads\/2023\/11\/Imagen-de-WhatsApp-2023-10-30-a-las-07.15.55_dce4b4ba.jpg\" data-rel=\"lightbox-gallery-0\" data-rl_title=\"\" data-rl_caption=\"\" title=\"\"><img loading=\"lazy\" decoding=\"async\" class=\"alignnone size-full wp-image-23292\" src=\"https:\/\/enconecte.com\/wp-content\/uploads\/2023\/11\/Imagen-de-WhatsApp-2023-10-30-a-las-07.15.55_dce4b4ba.jpg\" alt=\"\" width=\"1098\" height=\"732\" srcset=\"https:\/\/enconecte.com\/wp-content\/uploads\/2023\/11\/Imagen-de-WhatsApp-2023-10-30-a-las-07.15.55_dce4b4ba.jpg 1098w, https:\/\/enconecte.com\/wp-content\/uploads\/2023\/11\/Imagen-de-WhatsApp-2023-10-30-a-las-07.15.55_dce4b4ba-300x200.jpg 300w, https:\/\/enconecte.com\/wp-content\/uploads\/2023\/11\/Imagen-de-WhatsApp-2023-10-30-a-las-07.15.55_dce4b4ba-1024x683.jpg 1024w, https:\/\/enconecte.com\/wp-content\/uploads\/2023\/11\/Imagen-de-WhatsApp-2023-10-30-a-las-07.15.55_dce4b4ba-768x512.jpg 768w\" sizes=\"auto, (max-width: 1098px) 100vw, 1098px\" \/><\/a><\/p>\n<p>El festival, organizado para celebrar el D\u00eda de Muertos, continuar\u00e1 el lunes con el concurso de fotograf\u00eda programado a las 17:00 horas en el Jard\u00edn Hidalgo. Luego, se llevar\u00e1 a cabo la presentaci\u00f3n editorial &#8220;Sempiterno&#8221; en el vest\u00edbulo del Teatro Hinojosa, seguido por el concurso de calaveras literarias en el interior del inmueble a las 19:00 horas, y se cerrar\u00e1 con el espect\u00e1culo de Cuentacuentos a las 19:30 horas en el\u00a0Jard\u00edn\u00a0Hidalgo.<\/p>\n","protected":false},"excerpt":{"rendered":"<p>El concierto rom\u00e1ntico a cargo de la Rondalla Nostalgia Jerezana fue el punto culminante del primer d\u00eda del Festival &#8220;Jerezano hasta los Huesos&#8221;. Inicialmente programado para el kiosco del jard\u00edn principal, debido a la lluvia se traslad\u00f3 al escenario del Teatro Hinojosa, donde los miembros de esta orgullosa agrupaci\u00f3n de este pueblo m\u00e1gico deleitaron al [&hellip;]<\/p>\n","protected":false},"author":9,"featured_media":23291,"comment_status":"closed","ping_status":"closed","sticky":false,"template":"","format":"standard","meta":{"footnotes":""},"categories":[1370],"tags":[],"class_list":["post-23289","post","type-post","status-publish","format-standard","has-post-thumbnail","hentry","category-jerez"],"_links":{"self":[{"href":"https:\/\/enconecte.com\/index.php?rest_route=\/wp\/v2\/posts\/23289","targetHints":{"allow":["GET"]}}],"collection":[{"href":"https:\/\/enconecte.com\/index.php?rest_route=\/wp\/v2\/posts"}],"about":[{"href":"https:\/\/enconecte.com\/index.php?rest_route=\/wp\/v2\/types\/post"}],"author":[{"embeddable":true,"href":"https:\/\/enconecte.com\/index.php?rest_route=\/wp\/v2\/users\/9"}],"replies":[{"embeddable":true,"href":"https:\/\/enconecte.com\/index.php?rest_route=%2Fwp%2Fv2%2Fcomments&post=23289"}],"version-history":[{"count":0,"href":"https:\/\/enconecte.com\/index.php?rest_route=\/wp\/v2\/posts\/23289\/revisions"}],"wp:featuredmedia":[{"embeddable":true,"href":"https:\/\/enconecte.com\/index.php?rest_route=\/wp\/v2\/media\/23291"}],"wp:attachment":[{"href":"https:\/\/enconecte.com\/index.php?rest_route=%2Fwp%2Fv2%2Fmedia&parent=23289"}],"wp:term":[{"taxonomy":"category","embeddable":true,"href":"https:\/\/enconecte.com\/index.php?rest_route=%2Fwp%2Fv2%2Fcategories&post=23289"},{"taxonomy":"post_tag","embeddable":true,"href":"https:\/\/enconecte.com\/index.php?rest_route=%2Fwp%2Fv2%2Ftags&post=23289"}],"curies":[{"name":"wp","href":"https:\/\/api.w.org\/{rel}","templated":true}]}}