{"id":23287,"date":"2023-10-29T10:34:49","date_gmt":"2023-10-29T16:34:49","guid":{"rendered":"https:\/\/enconecte.com\/?p=23287"},"modified":"2023-11-07T10:36:44","modified_gmt":"2023-11-07T16:36:44","slug":"canto-a-la-luna-abre-el-festival-jerezano-hasta-los-huesos-en-el-teatro-hinojosa","status":"publish","type":"post","link":"https:\/\/enconecte.com\/?p=23287","title":{"rendered":"CANTO A LA LUNA ABRE EL FESTIVAL \u201cJEREZANO HASTA LOS HUESOS\u201d EN EL TEATRO HINOJOSA"},"content":{"rendered":"<p>El taller de canto del Instituto Jerezano de Cultura (IJC) present\u00f3 el espect\u00e1culo &#8220;Canto a la Luna&#8221; como parte de la programaci\u00f3n del Festival &#8220;Jerezano hasta los Huesos&#8221;, que se llevar\u00e1 a cabo en esta ciudad desde este domingo hasta el pr\u00f3ximo 2 de noviembre, en el marco de la celebraci\u00f3n del D\u00eda de Difuntos.<\/p>\n<p>El Teatro Hinojosa fue el escenario de la muestra art\u00edstica que cont\u00f3 con la participaci\u00f3n de seis cantantes locales, algunos ya consolidados y otros en desarrollo de la t\u00e9cnica. Estos artistas acuden regularmente al taller y, en esta ocasi\u00f3n, ofrecieron un variado repertorio en homenaje a tres cantautores mexicanos que, con su talento creativo en vida, dejaron un gran legado musical para nuestro pa\u00eds: el guanajuatense Jos\u00e9 Alfredo Jim\u00e9nez, el divo de Ciudad Ju\u00e1rez Juan Gabriel y el orgullo de Juliantla, Guerrero, Joan Sebasti\u00e1n.<\/p>\n<p>El escenario cultural de los jerezanos alberg\u00f3 este evento, que tuvo como protagonistas a int\u00e9rpretes de diversos g\u00e9neros musicales. Bajo la direcci\u00f3n de Imelda Luna Hern\u00e1ndez, interpretaron una variedad de temas musicales. En la primera parte, se apoyaron en pistas musicales, mientras que en la segunda parte, fueron acompa\u00f1ados por el Mariachi Nacional Jerez.<\/p>\n<p>Los alumnos del taller de canto que participaron en esta ocasi\u00f3n son Francisco Javier Medina Barrios, F\u00e1tima Dayana Lozano, Alejandra Janeth Bibiano, Juan Campa Casillas, Italya Gamboa Ba\u00f1uelos y Carlos Puente Cabral. Con sus voces, dieron vida al concierto &#8220;Canto a la Luna&#8221;, el cual fue muy bien recibido por el p\u00fablico\u00a0asistente.<\/p>\n<p><a  href=\"https:\/\/enconecte.com\/wp-content\/uploads\/2023\/11\/Imagen-de-WhatsApp-2023-10-29-a-las-19.40.16_f466c869.jpg\" data-rel=\"lightbox-gallery-0\" data-rl_title=\"\" data-rl_caption=\"\" title=\"\"><img loading=\"lazy\" decoding=\"async\" class=\"alignnone size-full wp-image-23288\" src=\"https:\/\/enconecte.com\/wp-content\/uploads\/2023\/11\/Imagen-de-WhatsApp-2023-10-29-a-las-19.40.16_f466c869.jpg\" alt=\"\" width=\"1600\" height=\"1060\" srcset=\"https:\/\/enconecte.com\/wp-content\/uploads\/2023\/11\/Imagen-de-WhatsApp-2023-10-29-a-las-19.40.16_f466c869.jpg 1600w, https:\/\/enconecte.com\/wp-content\/uploads\/2023\/11\/Imagen-de-WhatsApp-2023-10-29-a-las-19.40.16_f466c869-300x199.jpg 300w, https:\/\/enconecte.com\/wp-content\/uploads\/2023\/11\/Imagen-de-WhatsApp-2023-10-29-a-las-19.40.16_f466c869-1024x678.jpg 1024w, https:\/\/enconecte.com\/wp-content\/uploads\/2023\/11\/Imagen-de-WhatsApp-2023-10-29-a-las-19.40.16_f466c869-768x509.jpg 768w, https:\/\/enconecte.com\/wp-content\/uploads\/2023\/11\/Imagen-de-WhatsApp-2023-10-29-a-las-19.40.16_f466c869-1536x1018.jpg 1536w\" sizes=\"auto, (max-width: 1600px) 100vw, 1600px\" \/><\/a><\/p>\n","protected":false},"excerpt":{"rendered":"<p>El taller de canto del Instituto Jerezano de Cultura (IJC) present\u00f3 el espect\u00e1culo &#8220;Canto a la Luna&#8221; como parte de la programaci\u00f3n del Festival &#8220;Jerezano hasta los Huesos&#8221;, que se llevar\u00e1 a cabo en esta ciudad desde este domingo hasta el pr\u00f3ximo 2 de noviembre, en el marco de la celebraci\u00f3n del D\u00eda de Difuntos. [&hellip;]<\/p>\n","protected":false},"author":9,"featured_media":23290,"comment_status":"closed","ping_status":"closed","sticky":false,"template":"","format":"standard","meta":{"footnotes":""},"categories":[1370],"tags":[],"class_list":["post-23287","post","type-post","status-publish","format-standard","has-post-thumbnail","hentry","category-jerez"],"_links":{"self":[{"href":"https:\/\/enconecte.com\/index.php?rest_route=\/wp\/v2\/posts\/23287","targetHints":{"allow":["GET"]}}],"collection":[{"href":"https:\/\/enconecte.com\/index.php?rest_route=\/wp\/v2\/posts"}],"about":[{"href":"https:\/\/enconecte.com\/index.php?rest_route=\/wp\/v2\/types\/post"}],"author":[{"embeddable":true,"href":"https:\/\/enconecte.com\/index.php?rest_route=\/wp\/v2\/users\/9"}],"replies":[{"embeddable":true,"href":"https:\/\/enconecte.com\/index.php?rest_route=%2Fwp%2Fv2%2Fcomments&post=23287"}],"version-history":[{"count":0,"href":"https:\/\/enconecte.com\/index.php?rest_route=\/wp\/v2\/posts\/23287\/revisions"}],"wp:featuredmedia":[{"embeddable":true,"href":"https:\/\/enconecte.com\/index.php?rest_route=\/wp\/v2\/media\/23290"}],"wp:attachment":[{"href":"https:\/\/enconecte.com\/index.php?rest_route=%2Fwp%2Fv2%2Fmedia&parent=23287"}],"wp:term":[{"taxonomy":"category","embeddable":true,"href":"https:\/\/enconecte.com\/index.php?rest_route=%2Fwp%2Fv2%2Fcategories&post=23287"},{"taxonomy":"post_tag","embeddable":true,"href":"https:\/\/enconecte.com\/index.php?rest_route=%2Fwp%2Fv2%2Ftags&post=23287"}],"curies":[{"name":"wp","href":"https:\/\/api.w.org\/{rel}","templated":true}]}}